{"id":162844,"date":"2021-05-30T08:00:00","date_gmt":"2021-05-30T12:00:00","guid":{"rendered":"https:\/\/www.noticel.com\/?post_type=article&#038;p=162844"},"modified":"2025-07-15T22:10:57","modified_gmt":"2025-07-15T22:10:57","slug":"esto-es-lo-que-se-espera-en-la-temporada-de-huracanes-y-asi-debes-prepararte","status":"publish","type":"post","link":"https:\/\/noticel.com\/en\/ultima-hora\/20210530\/esto-es-lo-que-se-espera-en-la-temporada-de-huracanes-y-asi-debes-prepararte\/","title":{"rendered":"Esto es lo que se espera en la temporada de huracanes y as\u00ed debes prepararte"},"content":{"rendered":"<h3>Te presentamos una gu\u00eda completa sobre recomendaciones para enfrentar la temporada de huracanes<\/h3>\n<p>Comienza ya la temporada de huracanes y como todos los a\u00f1os los recuerdos de recientes emergencias nos hacen estar m\u00e1s vigilantes a estos fen\u00f3menos, pero para muchos la preocupaci\u00f3n aumenta al entrar en efecto el contrato por el cual la empresa LUMA Energy asume el control de la transmisi\u00f3n y distribuci\u00f3n de la energ\u00eda el\u00e9ctrica en Puerto Rico.<\/p>\n<p>Dicho contrato ha levantado m\u00faltiples preguntas que a\u00fan quedan por contestar y muchas m\u00e1s cr\u00edticas por lo oneroso que resultar\u00e1 para el gobierno de Puerto Rico. Pero fuera de las interrogantes que quedan <a href=\"https:\/\/noticel.com\/en\/gobierno\/ahora\/top-stories\/20210409\/luma-se-declara-lista-para-enfrentar-huracanes-instala-colegio-de-celadores-en-canovanas\/\" id=\"link-10500c1eec857b3bf3df5e20e595d218\" target=\"_blank\">sobre la capacidad de LUMA Energy para responder en caso de una emergencia por hurac\u00e1n<\/a>, la realidad es que la preparaci\u00f3n individual y familiar es lo que debe ser el enfoque en estos d\u00edas.<\/p>\n<p>La semana pasada, la Administraci\u00f3n Nacional de Oc\u00e9anos y Atm\u00f3sfera (NOAA, por sus siglas en ingl\u00e9s) anunci\u00f3 que espera una temporada de huracanes este a\u00f1o \u00abm\u00e1s activa de lo normal\u00bb con entre \u00ab13 a 20\u00bb tormentas, de las cuales entre seis y diez deben convertirse en huracanes. La mitad de esos huracanes podr\u00edan ser de categor\u00edas mayores a 3.<\/p>\n<p>\u201cAhora es el momento de que las comunidades a lo largo de la costa y del interior se preparen para los peligros que pueden traer los huracanes\u201d, dijo la secretaria de la NOAA, Gina Raimondo. \u00abLos expertos de la NOAA est\u00e1n preparados para realizar alertas tempranas y pron\u00f3sticos que salvan vidas a las comunidades, lo que tambi\u00e9n ayudar\u00e1 a minimizar los impactos econ\u00f3micos de las tormentas\u00bb.<\/p>\n<p>Lee tambi\u00e9n: <a href=\"https:\/\/noticel.com\/en\/huracanes\/el-tiempo\/ahora\/20210515\/estos-son-los-nombres-de-huracanes-para-este-ano-2021\/\" id=\"link-f98b59c71cfede7df60306dbf4b4bb2c\" target=\"_blank\">Estos son los nombres de huracanes para este a\u00f1o 2021<\/a><\/p>\n<p>El pasado s\u00e1bado, el Centro Nacional de Huracanes (CNH) dijo que no se espera ninguna formaci\u00f3n de cicl\u00f3n tropical en esta primera semana de la temporada.<\/p>\n<p>https:\/\/twitter.com\/NWSSanJuan\/status\/1398598919601459200<\/p>\n<p>A partir de este a\u00f1o los nombres de Dorian, Laura, Eta e Iota de la lista para denominar tormentas tropicales debido a la muerte y destrucci\u00f3n que causaron esos ciclones en 2019 y 2020, como tambi\u00e9n dejar\u00e1 de usar el alfabeto griego.<\/p>\n<p>La NOOA y el CNH de Miami se hicieron eco de la decisi\u00f3n del Comit\u00e9 de Huracanes de la Organizaci\u00f3n Meteorol\u00f3gica Mundial (OMM) que busca dejar atr\u00e1s los nombres de huracanes mort\u00edferos y evitar confusiones con el alfabeto griego, que se usaba cuando se agotaban los 21 nombres de la lista anual.<\/p>\n<p>Lea m\u00e1s en: <a href=\"https:\/\/noticel.com\/en\/el-tiempo\/20210317\/eliminan-nombres-de-huracanes-mortiferos-y-el-uso-del-alfabeto-griego\/\" id=\"link-ef8f2d38ed2ddaf0c76bfaf2f0c29372\" target=\"_blank\">Eliminan nombres de huracanes mort\u00edferos y el uso del alfabeto griego<\/a><\/p>\n<p><strong id=\"strong-2985353449b44dd85d1c66cc004f3b83\">La preparaci\u00f3n debe estar completada ya<\/strong><\/p>\n<p>Se supone que cada familia en Puerto Rico debe tener listo ya su plan de emergencia por hurac\u00e1n, pero si a\u00fan no lo tiene, siga estos consejos lo antes posible antes de que llegue la primera tormenta:<\/p>\n<p>Vea aqu\u00ed otros consejos y\/o sugerencias de preparaci\u00f3n para esta temporada:<\/p>\n<p><a href=\"https:\/\/noticel.com\/en\/la-calle\/20150827\/seis-consejos-basicos-para-prepararte-para-la-tormenta\/\" id=\"link-94fedf6e9e74afa91439941bbe7fa629\" target=\"_blank\">Seis consejos b\u00e1sicos para prepararte para la tormenta<\/a><\/p>\n<p><a href=\"https:\/\/noticel.com\/en\/cuidate\/20190825\/cruz-roja-delinea-estrategias-de-preparacion-de-cara-a-la-tormenta\/\" id=\"link-1c4d045b173598045c92da8cf1cfe94b\" target=\"_blank\">Cruz Roja delinea estrategias de preparaci\u00f3n de cara a la tormenta<\/a><\/p>\n<p><a href=\"https:\/\/noticel.com\/en\/cuidate\/huracanes\/el-tiempo\/vida\/20180905\/ante-un-huracan-verifique-fecha-de-expiracion-de-medicamentos\/\" id=\"link-db32c857093e2a2c67209c3a6a95f077\" target=\"_blank\">Ante un hurac\u00e1n, verifique fecha de expiraci\u00f3n de medicamentos<\/a><\/p>\n<p><a href=\"https:\/\/noticel.com\/en\/ahora\/huracanes\/el-tiempo\/top-stories\/20180605\/consejos-para-los-mayorcitos-durante-la-temporada-de-huracanes\/\" id=\"link-28ef8480f90006bf11ca09fd1308efc4\" target=\"_blank\">Consejos para los mayorcitos durante la temporada de huracanes<\/a><\/p>\n<p><a href=\"https:\/\/noticel.com\/en\/que-no-te-cojan-de\/blogs\/opiniones\/20120808\/en-el-inventario-casero-por-los-huracanes\/\" id=\"link-bcb064593a56e37d7c2b4fb6158017c9\" target=\"_blank\">En el inventario casero por los huracanes<\/a><\/p><div class=\"notic-content-middle\" id=\"notic-59006989\"><div class=\"notic-adlabel\">Advertisements<\/div><a data-no-instant=\"1\" href=\"https:\/\/qrco.de\/bgxd5v\" rel=\"noopener\" class=\"a2t-link\" target=\"_blank\" aria-label=\"300X600-SEBUSCA2\"><img loading=\"lazy\" decoding=\"async\" src=\"https:\/\/cdn.noticel.com\/2026\/09\/02194415\/300X600-SEBUSCA2.jpg\" alt=\"\"  srcset=\"https:\/\/cdn.noticel.com\/2026\/09\/02194415\/300X600-SEBUSCA2.jpg 300w, https:\/\/cdn.noticel.com\/2026\/09\/02194415\/300X600-SEBUSCA2-150x300.jpg 150w, https:\/\/cdn.noticel.com\/2026\/09\/02194415\/300X600-SEBUSCA2-6x12.jpg 6w\" sizes=\"(max-width: 300px) 100vw, 300px\" width=\"300\" height=\"600\"   \/><\/a><\/div>\n<p><a href=\"https:\/\/noticel.com\/en\/ahora\/huracanes\/el-tiempo\/top-stories\/20180612\/huracanes-sugerencias-para-los-que-viven-en-condominios\/\" id=\"link-5907ab57270f715dcf583be05acf9136\" target=\"_blank\">Huracanes: sugerencias para los que viven en condominios<\/a><\/p>\n<p><a href=\"https:\/\/noticel.com\/en\/huracanes\/el-tiempo\/resuelve\/vida\/20171012\/consejos-para-cuidar-las-piscinas-durante-un-huracan\/\" id=\"link-4ce72084013db23d2d00c6a4ac829162\" target=\"_blank\">Consejos para cuidar las piscinas durante un hurac\u00e1n<\/a><\/p>\n<p><a href=\"https:\/\/noticel.com\/en\/negocios-noticel\/suplemento\/auspiciado\/20200225\/conoce-el-mantenimiento-esencial-para-extender-la-vida-de-nuestras-plantas\/\" id=\"link-08415f54963952699f2d44b5f048bb04\" target=\"_blank\">Conoce el mantenimiento esencial para extender la vida de nuestras plantas el\u00e9ctricas<\/a><\/p>\n<p><a href=\"https:\/\/noticel.com\/en\/la-calle\/resuelve\/vida\/20190827\/recomendaciones-de-los-mecanicos-para-la-temporada-ciclonica\/\" id=\"link-617191a320eee9251673def9b822e281\" target=\"_blank\">Recomendaciones de los mec\u00e1nicos para la temporada cicl\u00f3nica<\/a><\/p>\n<p><a href=\"https:\/\/noticel.com\/en\/huracanes\/el-tiempo\/foodie\/vida\/20210529\/sugerencias-para-conservar-sus-alimentos-durante-un-huracan\/\" id=\"link-eaf62ad30c7be3fd055c3ea1c15f4168\" target=\"_blank\">Sugerencias para conservar sus alimentos durante un hurac\u00e1n<\/a><\/p>\n<p><strong id=\"strong-e721d344e902f87fb713c5bd97376e36\">Lista la Guardia Nacional de Puerto Rico<\/strong><\/p>\n<p>Ante el inicio de la temporada de huracanes la Guardia Nacional de Puerto Rico se encuentra preparada y alerta ante la posibilidad de que la Isla pudiera ser afectada por alg\u00fan fen\u00f3meno atmosf\u00e9rico, se inform\u00f3.<\/p>\n<p>\u201cLa Guardia Nacional de Puerto Rico, y sus m\u00e1s de 8,500 Ciudadanos-Soldados y Aviadores, se encuentran preparados para cumplir con el llamado del Gobernador en apoyo a las agencias de seguridad y emergencias\u201d, indic\u00f3 el Ayudante General de Puerto Rico, general de Divisi\u00f3n, Jos\u00e9 Reyes.<\/p>\n<p>\u201cAunque hemos estado batallando con la pandemia del COVID-19 por m\u00e1s de un a\u00f1o, no hemos dejado atr\u00e1s nuestras otras responsabilidades. Hemos revisado y actualizando nuestros planes de contingencia y junto a los municipios hemos repasado sus planes de emergencia buscando mejorar la coordinaci\u00f3n entre ellos, las agencias estatales y federales\u201d, indic\u00f3.<\/p>\n<p>La GNPR cuenta con recursos de Ingenier\u00eda, Transportaci\u00f3n, Polic\u00eda Militar, unidades de Purificaci\u00f3n de Agua y helic\u00f3pteros ya identificados para entrar en acci\u00f3n seg\u00fan lo requiera la emergencia y en apoyo directo al pueblo de Puerto Rico.  La organizaci\u00f3n ha establecido acuerdos colaborativos con Guardias Nacionales de diversos estados que permitir\u00e1n la llegada de personal y equipo de apoyo de ser necesario.<\/p>\n<p>\u00abHemos dividido la Isla en cuatro zonas de tarea, lo que ha flexibilizado la respuesta de apoyo en caso de una emergencia\u201d, indic\u00f3 Reyes. \u201cContamos ahora con los elementos de ingenier\u00eda y comunicaciones de la Guardia Nacional A\u00e9rea, lo cual nos provee un apoyo que ser\u00e1 invaluable en el proceso de restauraci\u00f3n de los servicios\u201d.<\/p>\n<p>\u201cAhora que comienza la temporada de huracanes no debemos esperar al \u00faltimo minuto para hacer los preparativos correspondientes\u201d, puntualiz\u00f3 Reyes. \u201cLa ciudadan\u00eda debe ser responsable, tomar las debidas precauciones y trabajar en los preparativos de protecci\u00f3n de sus hogares y familiares\u201d.<\/p>\n<p>El gobierno de Puerto Rico igualmente se cant\u00f3 preparado para enfrentar efectivamente la temporada de huracanes, como lo atestigua esta entrevista con el director del Negociado de Manejo de Emergencias, Nino Correa, en <em id=\"emphasis-f34348799785ec6f8ae0bec5dd30240a\">El Push de la Ma\u00f1ana<\/em> de NotiCel:<\/p>\n<p><iframe loading=\"lazy\" title=\"El  Push de la Ma\u00f1ana | 27 de mayo de 2021\" width=\"500\" height=\"281\" src=\"https:\/\/www.youtube.com\/embed\/5LNfGtV8g0o?feature=oembed\" frameborder=\"0\" allow=\"accelerometer; autoplay; clipboard-write; encrypted-media; gyroscope; picture-in-picture; web-share\" referrerpolicy=\"strict-origin-when-cross-origin\" allowfullscreen><\/iframe><\/p>\n<p>Tambi\u00e9n puede ver esta transmisi\u00f3n en vivo que hizo NotiCel:<\/p>\n<p><a href=\"https:\/\/noticel.com\/en\/ahora\/gobierno\/20210526\/en-vivo-gobierno-anuncia-preparativos-para-la-temporada-de-huracanes\/\" id=\"link-77fa6359d83adc873cd368130641d791\" target=\"_blank\">Gobierno anuncia preparativos para la temporada de huracanes<\/a><\/p>\n<p>De igual manera, lea esta interesante columna de opini\u00f3n del exdirector de Manejo de Emergencias, Heriberto Saur\u00ed:<\/p>\n<p><a href=\"https:\/\/noticel.com\/en\/opiniones\/20210525\/momento-de-prepararse-para-una-emergencia\/\" id=\"link-fc4046751eaceb09a423daac8f72cd7e\" target=\"_blank\">Momento de prepararse para una emergencia<\/a><\/p>","protected":false},"excerpt":{"rendered":"<p>Te presentamos una gu\u00eda completa sobre recomendaciones para enfrentar la temporada de huracanes Comienza ya la temporada de huracanes y como todos los a\u00f1os los recuerdos de recientes emergencias nos hacen estar m\u00e1s vigilantes a estos fen\u00f3menos, pero para muchos la preocupaci\u00f3n aumenta al entrar en efecto el contrato por el cual la empresa LUMA [&hellip;]<\/p>","protected":false},"author":0,"featured_media":382485,"comment_status":"closed","ping_status":"closed","sticky":false,"template":"","format":"standard","meta":{"_acf_changed":false,"_monsterinsights_skip_tracking":false,"ep_exclude_from_search":false,"footnotes":""},"categories":[18,19,2],"tags":[],"class_list":["post-162844","post","type-post","status-publish","format-standard","has-post-thumbnail","hentry","category-el-tiempo","category-huracanes","category-ultima-hora"],"acf":[],"aioseo_notices":[],"_links":{"self":[{"href":"https:\/\/noticel.com\/en\/wp-json\/wp\/v2\/posts\/162844","targetHints":{"allow":["GET"]}}],"collection":[{"href":"https:\/\/noticel.com\/en\/wp-json\/wp\/v2\/posts"}],"about":[{"href":"https:\/\/noticel.com\/en\/wp-json\/wp\/v2\/types\/post"}],"replies":[{"embeddable":true,"href":"https:\/\/noticel.com\/en\/wp-json\/wp\/v2\/comments?post=162844"}],"version-history":[{"count":1,"href":"https:\/\/noticel.com\/en\/wp-json\/wp\/v2\/posts\/162844\/revisions"}],"predecessor-version":[{"id":382496,"href":"https:\/\/noticel.com\/en\/wp-json\/wp\/v2\/posts\/162844\/revisions\/382496"}],"wp:featuredmedia":[{"embeddable":true,"href":"https:\/\/noticel.com\/en\/wp-json\/wp\/v2\/media\/382485"}],"wp:attachment":[{"href":"https:\/\/noticel.com\/en\/wp-json\/wp\/v2\/media?parent=162844"}],"wp:term":[{"taxonomy":"category","embeddable":true,"href":"https:\/\/noticel.com\/en\/wp-json\/wp\/v2\/categories?post=162844"},{"taxonomy":"post_tag","embeddable":true,"href":"https:\/\/noticel.com\/en\/wp-json\/wp\/v2\/tags?post=162844"}],"curies":[{"name":"wp","href":"https:\/\/api.w.org\/{rel}","templated":true}]}}