{"id":162680,"date":"2021-05-26T17:20:00","date_gmt":"2021-05-26T21:20:00","guid":{"rendered":"https:\/\/www.noticel.com\/ahora\/gobierno\/20210526\/en-vivo-gobierno-anuncia-preparativos-para-la-temporada-de-huracanes\/"},"modified":"2025-07-15T22:26:51","modified_gmt":"2025-07-15T22:26:51","slug":"en-vivo-gobierno-anuncia-preparativos-para-la-temporada-de-huracanes","status":"publish","type":"post","link":"https:\/\/noticel.com\/en\/ultima-hora\/20210526\/en-vivo-gobierno-anuncia-preparativos-para-la-temporada-de-huracanes\/","title":{"rendered":"En vivo: Gobierno anuncia preparativos para la temporada de huracanes"},"content":{"rendered":"<h3>Vea la transmisi\u00f3n aqu\u00ed.<\/h3>\n<p>La secretaria de la Gobernaci\u00f3n Noelia Garc\u00eda, dirigir\u00e1 una conferencia de prensa en la que anunciar\u00e1 los preparativos del gobierno ante el inicio de la temporada de huracanes.<\/p>\n<p>La acompa\u00f1ar\u00e1n los componentes del Departamento de Seguridad P\u00fablica, la empresa LUMA Energy, la Autoridad de Energ\u00eda El\u00e9ctrica (AEE) y la Autoridad de Acueductos y Alcantarillados (AAA), entre otros.<\/p><div class=\"notic-content-middle\" id=\"notic-3287608704\"><div class=\"notic-adlabel\">Advertisements<\/div><a data-no-instant=\"1\" href=\"https:\/\/qrco.de\/bgxd5v\" rel=\"noopener\" class=\"a2t-link\" target=\"_blank\" aria-label=\"DisplayAd-970&#215;90\"><img loading=\"lazy\" decoding=\"async\" src=\"https:\/\/cdn.noticel.com\/2026\/09\/02195840\/DisplayAd-970x90-1.jpg\" alt=\"\"  srcset=\"https:\/\/cdn.noticel.com\/2026\/09\/02195840\/DisplayAd-970x90-1.jpg 970w, https:\/\/cdn.noticel.com\/2026\/09\/02195840\/DisplayAd-970x90-1-300x28.jpg 300w, https:\/\/cdn.noticel.com\/2026\/09\/02195840\/DisplayAd-970x90-1-768x71.jpg 768w, https:\/\/cdn.noticel.com\/2026\/09\/02195840\/DisplayAd-970x90-1-18x2.jpg 18w\" sizes=\"(max-width: 970px) 100vw, 970px\" width=\"970\" height=\"90\"   \/><\/a><\/div>\n<p><strong id=\"strong-ddf90a09ff426c3fd8f90b905100fbd4\">Vea la transmisi\u00f3n en vivo aqu\u00ed.<\/strong><\/p>\n<p><iframe loading=\"lazy\" src=\"https:\/\/www.facebook.com\/plugins\/video.php?height=314&#038;href=https%3A%2F%2Fwww.facebook.com%2Fnoticelpr%2Fvideos%2F244159277480724%2F&#038;show_text=false&#038;width=560\" width=\"560\" height=\"314\" style=\"border:none;overflow:hidden\" scrolling=\"no\" frameborder=\"0\" allowfullscreen=\"true\" allow=\"autoplay; clipboard-write; encrypted-media; picture-in-picture; web-share\"><\/iframe><\/p>","protected":false},"excerpt":{"rendered":"<p>Vea la transmisi\u00f3n aqu\u00ed. La secretaria de la Gobernaci\u00f3n Noelia Garc\u00eda, dirigir\u00e1 una conferencia de prensa en la que anunciar\u00e1 los preparativos del gobierno ante el inicio de la temporada de huracanes. La acompa\u00f1ar\u00e1n los componentes del Departamento de Seguridad P\u00fablica, la empresa LUMA Energy, la Autoridad de Energ\u00eda El\u00e9ctrica (AEE) y la Autoridad de [&hellip;]<\/p>","protected":false},"author":0,"featured_media":383727,"comment_status":"closed","ping_status":"closed","sticky":false,"template":"","format":"standard","meta":{"_acf_changed":false,"_monsterinsights_skip_tracking":false,"ep_exclude_from_search":false,"footnotes":""},"categories":[4,2],"tags":[],"class_list":["post-162680","post","type-post","status-publish","format-standard","has-post-thumbnail","hentry","category-gobierno","category-ultima-hora"],"acf":[],"aioseo_notices":[],"_links":{"self":[{"href":"https:\/\/noticel.com\/en\/wp-json\/wp\/v2\/posts\/162680","targetHints":{"allow":["GET"]}}],"collection":[{"href":"https:\/\/noticel.com\/en\/wp-json\/wp\/v2\/posts"}],"about":[{"href":"https:\/\/noticel.com\/en\/wp-json\/wp\/v2\/types\/post"}],"replies":[{"embeddable":true,"href":"https:\/\/noticel.com\/en\/wp-json\/wp\/v2\/comments?post=162680"}],"version-history":[{"count":1,"href":"https:\/\/noticel.com\/en\/wp-json\/wp\/v2\/posts\/162680\/revisions"}],"predecessor-version":[{"id":383730,"href":"https:\/\/noticel.com\/en\/wp-json\/wp\/v2\/posts\/162680\/revisions\/383730"}],"wp:featuredmedia":[{"embeddable":true,"href":"https:\/\/noticel.com\/en\/wp-json\/wp\/v2\/media\/383727"}],"wp:attachment":[{"href":"https:\/\/noticel.com\/en\/wp-json\/wp\/v2\/media?parent=162680"}],"wp:term":[{"taxonomy":"category","embeddable":true,"href":"https:\/\/noticel.com\/en\/wp-json\/wp\/v2\/categories?post=162680"},{"taxonomy":"post_tag","embeddable":true,"href":"https:\/\/noticel.com\/en\/wp-json\/wp\/v2\/tags?post=162680"}],"curies":[{"name":"wp","href":"https:\/\/api.w.org\/{rel}","templated":true}]}}