{"id":162133,"date":"2021-05-17T09:55:00","date_gmt":"2021-05-17T13:55:00","guid":{"rendered":"https:\/\/www.noticel.com\/la-calle\/policiacas\/20210517\/fuego-destruye-tres-estructuras-en-ponce\/"},"modified":"2025-07-15T23:29:07","modified_gmt":"2025-07-15T23:29:07","slug":"fuego-destruye-tres-estructuras-en-ponce","status":"publish","type":"post","link":"https:\/\/noticel.com\/en\/noticias\/la-calle\/20210517\/fuego-destruye-tres-estructuras-en-ponce\/","title":{"rendered":"Fuego destruye tres estructuras en Ponce"},"content":{"rendered":"<h3>Bomberos extinguieron el incendio<\/h3>\n<p>Un fuego destruy\u00f3 tres casas en la madrugada de este lunes, en la calle Salud en Ponce, inform\u00f3 la Polic\u00eda.<\/p>\n<p>Bomberos con apoyo de Rescate Municipal extinguieron el incendio, que inici\u00f3 en el establecimiento 1487 Oficentro del Sur y se propag\u00f3 a la residencia 1485.<\/p>\n<p>En esa casa se encontraba Irka Gonz\u00e1lez, Reynaldo Aquino y la hija menor de edad de la pareja, quienes lograron salir del lugar, pero una mascota de la familia, un perro de la raza pitbull, muri\u00f3 en el lugar.<\/p><div class=\"notic-content-middle\" id=\"notic-4149815916\"><div class=\"notic-adlabel\">Advertisements<\/div><a data-no-instant=\"1\" href=\"https:\/\/qrco.de\/bgxd5v\" rel=\"noopener\" class=\"a2t-link\" target=\"_blank\" aria-label=\"DisplayAd-970&#215;90\"><img loading=\"lazy\" decoding=\"async\" src=\"https:\/\/cdn.noticel.com\/2026\/09\/02195840\/DisplayAd-970x90-1.jpg\" alt=\"\"  srcset=\"https:\/\/cdn.noticel.com\/2026\/09\/02195840\/DisplayAd-970x90-1.jpg 970w, https:\/\/cdn.noticel.com\/2026\/09\/02195840\/DisplayAd-970x90-1-300x28.jpg 300w, https:\/\/cdn.noticel.com\/2026\/09\/02195840\/DisplayAd-970x90-1-768x71.jpg 768w, https:\/\/cdn.noticel.com\/2026\/09\/02195840\/DisplayAd-970x90-1-18x2.jpg 18w\" sizes=\"(max-width: 970px) 100vw, 970px\" width=\"970\" height=\"90\"   \/><\/a><\/div>\n<p>Tambi\u00e9n result\u00f3 quemada en su totalidad la residencia 1483, la cual se encontraba abandonada y no contaba con los servicios de energ\u00eda el\u00e9ctrica.<\/p>\n<p>El due\u00f1o y propietario del establecimiento de equipo para oficinas, Jaime Castro, estim\u00f3 los da\u00f1os en 40,000 d\u00f3lares.<\/p>\n<p>Se investiga la causa del fuego.<\/p>","protected":false},"excerpt":{"rendered":"<p>Bomberos extinguieron el incendio Un fuego destruy\u00f3 tres casas en la madrugada de este lunes, en la calle Salud en Ponce, inform\u00f3 la Polic\u00eda. Bomberos con apoyo de Rescate Municipal extinguieron el incendio, que inici\u00f3 en el establecimiento 1487 Oficentro del Sur y se propag\u00f3 a la residencia 1485. En esa casa se encontraba Irka [&hellip;]<\/p>","protected":false},"author":0,"featured_media":388210,"comment_status":"closed","ping_status":"closed","sticky":false,"template":"","format":"standard","meta":{"_acf_changed":false,"_monsterinsights_skip_tracking":false,"ep_exclude_from_search":false,"footnotes":""},"categories":[12,15],"tags":[],"class_list":["post-162133","post","type-post","status-publish","format-standard","has-post-thumbnail","hentry","category-la-calle","category-policiacas"],"acf":[],"aioseo_notices":[],"_links":{"self":[{"href":"https:\/\/noticel.com\/en\/wp-json\/wp\/v2\/posts\/162133","targetHints":{"allow":["GET"]}}],"collection":[{"href":"https:\/\/noticel.com\/en\/wp-json\/wp\/v2\/posts"}],"about":[{"href":"https:\/\/noticel.com\/en\/wp-json\/wp\/v2\/types\/post"}],"replies":[{"embeddable":true,"href":"https:\/\/noticel.com\/en\/wp-json\/wp\/v2\/comments?post=162133"}],"version-history":[{"count":1,"href":"https:\/\/noticel.com\/en\/wp-json\/wp\/v2\/posts\/162133\/revisions"}],"predecessor-version":[{"id":388213,"href":"https:\/\/noticel.com\/en\/wp-json\/wp\/v2\/posts\/162133\/revisions\/388213"}],"wp:featuredmedia":[{"embeddable":true,"href":"https:\/\/noticel.com\/en\/wp-json\/wp\/v2\/media\/388210"}],"wp:attachment":[{"href":"https:\/\/noticel.com\/en\/wp-json\/wp\/v2\/media?parent=162133"}],"wp:term":[{"taxonomy":"category","embeddable":true,"href":"https:\/\/noticel.com\/en\/wp-json\/wp\/v2\/categories?post=162133"},{"taxonomy":"post_tag","embeddable":true,"href":"https:\/\/noticel.com\/en\/wp-json\/wp\/v2\/tags?post=162133"}],"curies":[{"name":"wp","href":"https:\/\/api.w.org\/{rel}","templated":true}]}}