{"id":161919,"date":"2021-05-12T19:16:00","date_gmt":"2021-05-12T23:16:00","guid":{"rendered":"https:\/\/www.noticel.com\/mundo\/20210512\/linchamientos-entre-arabes-y-judios-en-ciudades-mixtas-de-israel\/"},"modified":"2025-07-15T23:48:04","modified_gmt":"2025-07-15T23:48:04","slug":"linchamientos-entre-arabes-y-judios-en-ciudades-mixtas-de-israel","status":"publish","type":"post","link":"https:\/\/noticel.com\/en\/noticias\/mundo\/20210512\/linchamientos-entre-arabes-y-judios-en-ciudades-mixtas-de-israel\/","title":{"rendered":"Linchamientos entre \u00e1rabes y jud\u00edos en ciudades mixtas de Israel"},"content":{"rendered":"<h3>La violencia entre palestinos e israel\u00edes pas\u00f3 de Jerusal\u00e9n a la Franja de Gaza.<\/h3>\n<p>Grupos de ciudadanos \u00e1rabes y jud\u00edos de Israel se enfrentaron hoy en distintas partes del pa\u00eds, incluyendo linchamientos en dos ciudades y profundizando a\u00fan m\u00e1s la violencia entre palestinos e israel\u00edes, que de Jerusal\u00e9n salt\u00f3 a una peligrosa escalada en la Franja de Gaza.<\/p>\n<p>Las im\u00e1genes de dos linchamientos, uno en Bat Yam y otro en Acre, recorrieron las redes sociales, en el primer caso un \u00e1rabe y en el segundo un jud\u00edo, siendo atacados por un grupo. Ambas v\u00edctimas se encontrar\u00edan en estado grave.<\/p>\n<p>\u00abNada justifica el linchamiento de jud\u00edos por parte de \u00e1rabes y nada justifica el linchamiento de \u00e1rabes por parte de jud\u00edos\u00bb, dijo hoy el primer ministro israel\u00ed, Benjam\u00edn Netanyahu, sobre los incidentes.<\/p>\n<p>Grupos de jud\u00edos y de \u00e1rabes israel\u00edes (aut\u00f3ctonos o descendientes que se quedaron tras la creaci\u00f3n del Estado de Israel en 1948 y que tienen una fuerte identidad palestina) se enfrentaron entre s\u00ed y con las fuerzas de seguridad, y hasta el momento m\u00e1s de 370 han sido arrestados en distintas partes del pa\u00eds.<\/p>\n<p>Los incidentes tuvieron lugar en ciudades donde viven miembros de ambas comunidades, incluyendo Bat Yam, Acre, Lod, Tiberias y Jaffa, entre otras.<\/p><div class=\"notic-content-middle\" id=\"notic-3686908310\"><div class=\"notic-adlabel\">Advertisements<\/div><a data-no-instant=\"1\" href=\"https:\/\/qrco.de\/bgxd5v\" rel=\"noopener\" class=\"a2t-link\" target=\"_blank\" aria-label=\"DisplayAds-970&#215;2502\"><img loading=\"lazy\" decoding=\"async\" src=\"https:\/\/cdn.noticel.com\/2026\/09\/02200838\/DisplayAds-970x2502-1.jpg\" alt=\"\"  srcset=\"https:\/\/cdn.noticel.com\/2026\/09\/02200838\/DisplayAds-970x2502-1.jpg 970w, https:\/\/cdn.noticel.com\/2026\/09\/02200838\/DisplayAds-970x2502-1-300x77.jpg 300w, https:\/\/cdn.noticel.com\/2026\/09\/02200838\/DisplayAds-970x2502-1-768x198.jpg 768w, https:\/\/cdn.noticel.com\/2026\/09\/02200838\/DisplayAds-970x2502-1-18x5.jpg 18w\" sizes=\"(max-width: 970px) 100vw, 970px\" width=\"970\" height=\"250\"   \/><\/a><\/div>\n<p>Un portavoz de la Polic\u00eda inform\u00f3 de que decenas de personas resultaron heridas durante los disturbios, incluyendo 36 miembros de las fuerzas de seguridad.<\/p>\n<p>El presidente israel\u00ed, Reuv\u00e9n Rivlin, describi\u00f3 los incidentes como \u00abuna guerra civil sin raz\u00f3n\u00bb, y pidi\u00f3 a las autoridades locales y religiosas que intervinieran para detener la violencia.<\/p>\n<p>Los enfrentamientos de hoy comenzaron en la noche del lunes, durante manifestaciones de \u00e1rabes israel\u00edes en rechazo, entre otras cosas, a la represi\u00f3n policial israel\u00ed en Jerusal\u00e9n Este, algo que tambi\u00e9n motiv\u00f3 el comienzo del lanzamiento de cohetes desde la Franja de Gaza.<\/p>\n<p>Desde ese d\u00eda, las protestas y enfrentamientos entre jud\u00edos y \u00e1rabes no han hecho m\u00e1s que empeorar, al igual que el intercambio de fuego entre el Ej\u00e9rcito israel\u00ed y las milicias palestinas en Gaza, que ha dejado hasta el momento un saldo de 65 palestinos y 7 israel\u00edes muertos.<\/p>","protected":false},"excerpt":{"rendered":"<p>La violencia entre palestinos e israel\u00edes pas\u00f3 de Jerusal\u00e9n a la Franja de Gaza. Grupos de ciudadanos \u00e1rabes y jud\u00edos de Israel se enfrentaron hoy en distintas partes del pa\u00eds, incluyendo linchamientos en dos ciudades y profundizando a\u00fan m\u00e1s la violencia entre palestinos e israel\u00edes, que de Jerusal\u00e9n salt\u00f3 a una peligrosa escalada en la [&hellip;]<\/p>","protected":false},"author":0,"featured_media":389667,"comment_status":"closed","ping_status":"closed","sticky":false,"template":"","format":"standard","meta":{"_acf_changed":false,"_monsterinsights_skip_tracking":false,"ep_exclude_from_search":false,"footnotes":""},"categories":[17],"tags":[],"class_list":["post-161919","post","type-post","status-publish","format-standard","has-post-thumbnail","hentry","category-mundo"],"acf":[],"aioseo_notices":[],"_links":{"self":[{"href":"https:\/\/noticel.com\/en\/wp-json\/wp\/v2\/posts\/161919","targetHints":{"allow":["GET"]}}],"collection":[{"href":"https:\/\/noticel.com\/en\/wp-json\/wp\/v2\/posts"}],"about":[{"href":"https:\/\/noticel.com\/en\/wp-json\/wp\/v2\/types\/post"}],"replies":[{"embeddable":true,"href":"https:\/\/noticel.com\/en\/wp-json\/wp\/v2\/comments?post=161919"}],"version-history":[{"count":1,"href":"https:\/\/noticel.com\/en\/wp-json\/wp\/v2\/posts\/161919\/revisions"}],"predecessor-version":[{"id":389670,"href":"https:\/\/noticel.com\/en\/wp-json\/wp\/v2\/posts\/161919\/revisions\/389670"}],"wp:featuredmedia":[{"embeddable":true,"href":"https:\/\/noticel.com\/en\/wp-json\/wp\/v2\/media\/389667"}],"wp:attachment":[{"href":"https:\/\/noticel.com\/en\/wp-json\/wp\/v2\/media?parent=161919"}],"wp:term":[{"taxonomy":"category","embeddable":true,"href":"https:\/\/noticel.com\/en\/wp-json\/wp\/v2\/categories?post=161919"},{"taxonomy":"post_tag","embeddable":true,"href":"https:\/\/noticel.com\/en\/wp-json\/wp\/v2\/tags?post=161919"}],"curies":[{"name":"wp","href":"https:\/\/api.w.org\/{rel}","templated":true}]}}