{"id":161906,"date":"2021-05-12T16:13:00","date_gmt":"2021-05-12T20:13:00","guid":{"rendered":"https:\/\/www.noticel.com\/ahora\/legislatura\/20210512\/tatito-hernandez-dice-que-manuel-torres-esta-colgao-para-el-nombramiento-de-contralor\/"},"modified":"2025-07-15T23:48:52","modified_gmt":"2025-07-15T23:48:52","slug":"tatito-hernandez-dice-que-manuel-torres-esta-colgao-para-el-nombramiento-de-contralor","status":"publish","type":"post","link":"https:\/\/noticel.com\/en\/ultima-hora\/20210512\/tatito-hernandez-dice-que-manuel-torres-esta-colgao-para-el-nombramiento-de-contralor\/","title":{"rendered":"\u00bbTatito\u00bb Hern\u00e1ndez dice que Manuel Torres \u00bbest\u00e1 colga&#8217;o\u00bb para el nombramiento de contralor"},"content":{"rendered":"<h3>Seg\u00fan el presidente de la C\u00e1mara, Rafael \u00bbTatito\u00bb Hern\u00e1ndez, su nombre est\u00e1 relacionado a la empresa LUMA Energy.<\/h3>\n<p>El presidente de la C\u00e1mara de Representantes, Rafael \u201cTatito\u201d Hern\u00e1ndez Monta\u00f1ez dijo el mi\u00e9rcoles, que el nominado para contralor de Puerto Rico, Manuel Torres Nieves, est\u00e1 \u201ccolga\u2019o\u201d.<\/p>\n<p>\u201cEs que hubo una determinaci\u00f3n del caucus sobre el nombramiento del se\u00f1or nominado a contralor. Si nos dejamos llevar por el tema de la reuni\u00f3n del caucus en Utuado, est\u00e1 colga\u2019o\u201d, dijo Hern\u00e1ndez Monta\u00f1ez en conferencia de prensa.<\/p>\n<p>\u201cLa determinaci\u00f3n era que estaba amarrado a LUMA\u201d, a\u00f1adi\u00f3.<\/p>\n<p>Mencion\u00f3 que reunir\u00e1 nuevamente al caucus para dirimir lo de LUMA Energy a pocos d\u00edas en que entre en vigor el contrato a la entidad que administrar\u00e1 la Autoridad de Energ\u00eda El\u00e9ctrica (AEE).<\/p><div class=\"notic-content-middle\" id=\"notic-1319593387\"><div class=\"notic-adlabel\">Advertisements<\/div><a data-no-instant=\"1\" href=\"https:\/\/www.cst.pr.gov\/\" rel=\"noopener\" class=\"a2t-link\" target=\"_blank\" aria-label=\"970&#215;90\"><img loading=\"lazy\" decoding=\"async\" src=\"https:\/\/cdn.noticel.com\/2026\/09\/02204026\/970x90-1.jpg\" alt=\"\"  srcset=\"https:\/\/cdn.noticel.com\/2026\/09\/02204026\/970x90-1.jpg 970w, https:\/\/cdn.noticel.com\/2026\/09\/02204026\/970x90-1-300x28.jpg 300w, https:\/\/cdn.noticel.com\/2026\/09\/02204026\/970x90-1-768x71.jpg 768w, https:\/\/cdn.noticel.com\/2026\/09\/02204026\/970x90-1-18x2.jpg 18w\" sizes=\"(max-width: 970px) 100vw, 970px\" width=\"970\" height=\"90\"   \/><\/a><\/div>\n<p>\u201cHoy, sin haber reunido el caucus, sin haber dirimido controversias con ese asunto, est\u00e1 colga\u2019o\u201d, insisti\u00f3 el presidente cameral.<\/p>\n<p>Por su parte, el presidente del Senado, Jos\u00e9 Luis Dalmau Santiago mencion\u00f3 que la pr\u00f3xima semana culminar\u00e1 los nombramientos de gabinete. El turno de evaluaci\u00f3n ser\u00e1 la nominada a dirigir el Departamento de Educaci\u00f3n, Magaly Rivera Rivera, entre otros.<\/p>\n<p>Asimismo, dijo que queda pendiente las nominaciones a fiscal\u00eda y la judicatura, as\u00ed como otros nombramientos del gobierno.<\/p>","protected":false},"excerpt":{"rendered":"<p>Seg\u00fan el presidente de la C\u00e1mara, Rafael \u00bbTatito\u00bb Hern\u00e1ndez, su nombre est\u00e1 relacionado a la empresa LUMA Energy. El presidente de la C\u00e1mara de Representantes, Rafael \u201cTatito\u201d Hern\u00e1ndez Monta\u00f1ez dijo el mi\u00e9rcoles, que el nominado para contralor de Puerto Rico, Manuel Torres Nieves, est\u00e1 \u201ccolga\u2019o\u201d. \u201cEs que hubo una determinaci\u00f3n del caucus sobre el nombramiento [&hellip;]<\/p>","protected":false},"author":0,"featured_media":389745,"comment_status":"closed","ping_status":"closed","sticky":false,"template":"","format":"standard","meta":{"_acf_changed":false,"_monsterinsights_skip_tracking":false,"ep_exclude_from_search":false,"footnotes":""},"categories":[5,2],"tags":[],"class_list":["post-161906","post","type-post","status-publish","format-standard","has-post-thumbnail","hentry","category-legislatura","category-ultima-hora"],"acf":[],"aioseo_notices":[],"_links":{"self":[{"href":"https:\/\/noticel.com\/en\/wp-json\/wp\/v2\/posts\/161906","targetHints":{"allow":["GET"]}}],"collection":[{"href":"https:\/\/noticel.com\/en\/wp-json\/wp\/v2\/posts"}],"about":[{"href":"https:\/\/noticel.com\/en\/wp-json\/wp\/v2\/types\/post"}],"replies":[{"embeddable":true,"href":"https:\/\/noticel.com\/en\/wp-json\/wp\/v2\/comments?post=161906"}],"version-history":[{"count":1,"href":"https:\/\/noticel.com\/en\/wp-json\/wp\/v2\/posts\/161906\/revisions"}],"predecessor-version":[{"id":389748,"href":"https:\/\/noticel.com\/en\/wp-json\/wp\/v2\/posts\/161906\/revisions\/389748"}],"wp:featuredmedia":[{"embeddable":true,"href":"https:\/\/noticel.com\/en\/wp-json\/wp\/v2\/media\/389745"}],"wp:attachment":[{"href":"https:\/\/noticel.com\/en\/wp-json\/wp\/v2\/media?parent=161906"}],"wp:term":[{"taxonomy":"category","embeddable":true,"href":"https:\/\/noticel.com\/en\/wp-json\/wp\/v2\/categories?post=161906"},{"taxonomy":"post_tag","embeddable":true,"href":"https:\/\/noticel.com\/en\/wp-json\/wp\/v2\/tags?post=161906"}],"curies":[{"name":"wp","href":"https:\/\/api.w.org\/{rel}","templated":true}]}}