{"id":160589,"date":"2021-04-17T18:20:00","date_gmt":"2021-04-17T22:20:00","guid":{"rendered":"https:\/\/www.noticel.com\/ahora\/20210417\/arrestan-un-profugo-federal-en-caguas\/"},"modified":"2025-07-16T02:16:15","modified_gmt":"2025-07-16T02:16:15","slug":"arrestan-un-profugo-federal-en-caguas","status":"publish","type":"post","link":"https:\/\/noticel.com\/en\/ultima-hora\/20210417\/arrestan-un-profugo-federal-en-caguas\/","title":{"rendered":"Arrestan un pr\u00f3fugo federal en Caguas"},"content":{"rendered":"<h3>Las autoridades federales se hicieron cargo.<\/h3>\n<p>La Polic\u00eda Municipal de Caguas inform\u00f3 el arresto de Carlos Cruz, quien alegadamente estaba pr\u00f3fugo a nivel federal.<\/p>\n<p>Seg\u00fan indica el informe preliminar de los hechos, los agentes \u00c1ngel D\u00e1vila y Arnaldo Mart\u00ednez intervinieron con Carlos Cruz en el Paseo Gautier Ben\u00edtez de Caguas, espec\u00edficamente frente al Restaurante Isabela.<\/p><div class=\"notic-content-middle\" id=\"notic-3017498146\"><div class=\"notic-adlabel\">Advertisements<\/div><a data-no-instant=\"1\" href=\"https:\/\/www.asegurate-bien.com\/\" rel=\"noopener\" class=\"a2t-link\" target=\"_blank\" aria-label=\"Acodese-Adaptaciones-Noticel-300&#215;600\"><img loading=\"lazy\" decoding=\"async\" src=\"https:\/\/cdn.noticel.com\/2026\/05\/30094652\/Acodese-Adaptaciones-Noticel-300x600-1.jpg\" alt=\"\"  srcset=\"https:\/\/cdn.noticel.com\/2026\/05\/30094652\/Acodese-Adaptaciones-Noticel-300x600-1.jpg 300w, https:\/\/cdn.noticel.com\/2026\/05\/30094652\/Acodese-Adaptaciones-Noticel-300x600-1-150x300.jpg 150w, https:\/\/cdn.noticel.com\/2026\/05\/30094652\/Acodese-Adaptaciones-Noticel-300x600-1-6x12.jpg 6w\" sizes=\"(max-width: 300px) 100vw, 300px\" width=\"300\" height=\"600\"   \/><\/a><\/div>\n<p>Cruz era buscado por las autoridades federales, aunque se especific\u00f3 por qu\u00e9 delitos. Las autoridades federales enviaron al agente federal Gabriel Moreno, quien lo identific\u00f3 como la persona que estaban buscando, por lo que quedo bajo la custodia y proceso de esta agencia federal.<\/p>\n<p>La intervenci\u00f3n fue gracias a confidencias de las que no se ofrecieron detalles.<\/p>","protected":false},"excerpt":{"rendered":"<p>Las autoridades federales se hicieron cargo. La Polic\u00eda Municipal de Caguas inform\u00f3 el arresto de Carlos Cruz, quien alegadamente estaba pr\u00f3fugo a nivel federal. Seg\u00fan indica el informe preliminar de los hechos, los agentes \u00c1ngel D\u00e1vila y Arnaldo Mart\u00ednez intervinieron con Carlos Cruz en el Paseo Gautier Ben\u00edtez de Caguas, espec\u00edficamente frente al Restaurante Isabela. [&hellip;]<\/p>","protected":false},"author":0,"featured_media":400460,"comment_status":"closed","ping_status":"closed","sticky":false,"template":"","format":"standard","meta":{"_acf_changed":false,"_monsterinsights_skip_tracking":false,"ep_exclude_from_search":false,"footnotes":""},"categories":[2],"tags":[],"class_list":["post-160589","post","type-post","status-publish","format-standard","has-post-thumbnail","hentry","category-ultima-hora"],"acf":[],"aioseo_notices":[],"_links":{"self":[{"href":"https:\/\/noticel.com\/en\/wp-json\/wp\/v2\/posts\/160589","targetHints":{"allow":["GET"]}}],"collection":[{"href":"https:\/\/noticel.com\/en\/wp-json\/wp\/v2\/posts"}],"about":[{"href":"https:\/\/noticel.com\/en\/wp-json\/wp\/v2\/types\/post"}],"replies":[{"embeddable":true,"href":"https:\/\/noticel.com\/en\/wp-json\/wp\/v2\/comments?post=160589"}],"version-history":[{"count":1,"href":"https:\/\/noticel.com\/en\/wp-json\/wp\/v2\/posts\/160589\/revisions"}],"predecessor-version":[{"id":400462,"href":"https:\/\/noticel.com\/en\/wp-json\/wp\/v2\/posts\/160589\/revisions\/400462"}],"wp:featuredmedia":[{"embeddable":true,"href":"https:\/\/noticel.com\/en\/wp-json\/wp\/v2\/media\/400460"}],"wp:attachment":[{"href":"https:\/\/noticel.com\/en\/wp-json\/wp\/v2\/media?parent=160589"}],"wp:term":[{"taxonomy":"category","embeddable":true,"href":"https:\/\/noticel.com\/en\/wp-json\/wp\/v2\/categories?post=160589"},{"taxonomy":"post_tag","embeddable":true,"href":"https:\/\/noticel.com\/en\/wp-json\/wp\/v2\/tags?post=160589"}],"curies":[{"name":"wp","href":"https:\/\/api.w.org\/{rel}","templated":true}]}}