{"id":160273,"date":"2021-04-12T14:40:00","date_gmt":"2021-04-12T18:40:00","guid":{"rendered":"https:\/\/www.noticel.com\/ahora\/gobierno\/20210412\/familia-otorgara-6-millones-en-incentivos-a-centros-y-hogares-de-cuido\/"},"modified":"2025-07-16T02:50:48","modified_gmt":"2025-07-16T02:50:48","slug":"familia-otorgara-6-millones-en-incentivos-a-centros-y-hogares-de-cuido","status":"publish","type":"post","link":"https:\/\/noticel.com\/en\/ultima-hora\/20210412\/familia-otorgara-6-millones-en-incentivos-a-centros-y-hogares-de-cuido\/","title":{"rendered":"Familia otorgar\u00e1 $6 millones en incentivos a Centros y Hogares de Cuido"},"content":{"rendered":"<h3>A trav\u00e9s de www.acuden.pr.gov se pueden acceder los requisitos y documentos.<\/h3>\n<p>La secretaria del Departamento de la Familia (DF), Carmen Ana Gonz\u00e1lez Magaz, junto al administrador de la Administraci\u00f3n para el Cuidado y Desarrollo Integral de la Ni\u00f1ez (ACUDEN), Roberto Carlos Pag\u00e1n anunciaron la emisi\u00f3n de un incentivo a trav\u00e9s del Programa de Recuperaci\u00f3n para Centros de Cuido y Familias Seguras apoyado por la a Orden Administrativa emitida a esos fines.<\/p>\n<p>\u201cCon una inversi\u00f3n de sobre seis millones de d\u00f3lares provenientes de fondos de Cares Act, podremos impactar de manera directa a 500 proveedores que cualifican para esta ayuda. Esta orden establece un plan para la recuperaci\u00f3n para los Centros de Cuido Licenciados de la red de proveedores y las familias, a tenor con la pol\u00edtica p\u00fablica del Gobernador Pedro Pierluisi de incentivar a los sectores que han continuado ofreciendo servicios esenciales a la poblaci\u00f3n durante la emergencia\u201d, manifest\u00f3 la titular de Familia en declaraciones escritas.<\/p>\n<p>Gonz\u00e1lez Magaz, a\u00f1adi\u00f3 adem\u00e1s que \u00abla primera iniciativa da prioridad a los incentivos otorgando $10 mil a los centros de cuido licenciados y $2,500 a hogares licenciados por el Departamento de la Familia que soliciten\u00bb.<\/p>\n<p>En esa misma l\u00ednea, el administrador de la ACUDEN, Roberto Carlo Pag\u00e1n, asever\u00f3 que \u00abestos fondos podr\u00e1n ser usados en su sentido m\u00e1s amplio, para atender necesidades que han surgido a ra\u00edz de la pandemia, como por ejemplo pago de utilidades, renta, hipoteca, n\u00f3mina y necesidades surgidas a ra\u00edz del impacto del COVID-19, incluyendo pagos de deuda adquirida producto de la pandemia\u00bb, puntualiz\u00f3 el titular.<\/p><div class=\"notic-content-middle\" id=\"notic-3064158288\"><div class=\"notic-adlabel\">Advertisements<\/div><a data-no-instant=\"1\" href=\"https:\/\/www.asegurate-bien.com\/\" rel=\"noopener\" class=\"a2t-link\" target=\"_blank\" aria-label=\"Acodese-Adaptaciones-Noticel-300&#215;600\"><img loading=\"lazy\" decoding=\"async\" src=\"https:\/\/cdn.noticel.com\/2026\/05\/30094652\/Acodese-Adaptaciones-Noticel-300x600-1.jpg\" alt=\"\"  srcset=\"https:\/\/cdn.noticel.com\/2026\/05\/30094652\/Acodese-Adaptaciones-Noticel-300x600-1.jpg 300w, https:\/\/cdn.noticel.com\/2026\/05\/30094652\/Acodese-Adaptaciones-Noticel-300x600-1-150x300.jpg 150w, https:\/\/cdn.noticel.com\/2026\/05\/30094652\/Acodese-Adaptaciones-Noticel-300x600-1-6x12.jpg 6w\" sizes=\"(max-width: 300px) 100vw, 300px\" width=\"300\" height=\"600\"   \/><\/a><\/div>\n<p>Los documentos y requisitos estar\u00e1n en la p\u00e1gina web: www.acuden.pr.gov y ser\u00e1n enviados por la Oficina de Licenciamiento a todos los proveedores que cualifican. Los documentos deben ser enviados al correo electr\u00f3nico: incentivoproveedores@familia.pr.gov para procesar la solicitud.<\/p>\n<p>\u00abLo que buscamos es brindar ese respiro a los centros, que sin lugar a dudas se han visto afectados para que puedan continuar brindando este esencial servicio a las familias y los menores que tanto lo necesitan. Queremos ser pro activos en este proceso fomentando la recuperaci\u00f3n y apoy\u00e1ndoles directamente\u00bb, indic\u00f3 administrador la ACUDEN.<\/p>\n<p>Finalmente, la directora de la Oficina de Licenciamiento del DF, Llelidza Santiago, mencion\u00f3 que \u00abel Departamento de la Familia no ha escatimado en sus esfuerzos en buscar los recursos para brindar las ayudas tanto a los centros de cuido de ni\u00f1os, como el de los adultos mayores, sin poner en riesgo a la poblaci\u00f3n a la que servimos. Igualmente, la oficina de licenciamiento ha logrado identificar a trav\u00e9s de FEMA, y Manejo de Emergencias fondos que permiten brindar equipos de seguridad y desinfecci\u00f3n a los hogares de adultos mayores licenciados\u00bb.<\/p>\n<p>La ACUDEN es la agencia encargada de desarrollar programas y proveer servicios de manera integral a los menores y sus familias, de acuerdo a las legislaciones federales aplicables en Puerto Rico.<\/p>","protected":false},"excerpt":{"rendered":"<p>A trav\u00e9s de www.acuden.pr.gov se pueden acceder los requisitos y documentos. La secretaria del Departamento de la Familia (DF), Carmen Ana Gonz\u00e1lez Magaz, junto al administrador de la Administraci\u00f3n para el Cuidado y Desarrollo Integral de la Ni\u00f1ez (ACUDEN), Roberto Carlos Pag\u00e1n anunciaron la emisi\u00f3n de un incentivo a trav\u00e9s del Programa de Recuperaci\u00f3n para [&hellip;]<\/p>","protected":false},"author":0,"featured_media":402752,"comment_status":"closed","ping_status":"closed","sticky":false,"template":"","format":"standard","meta":{"_acf_changed":false,"_monsterinsights_skip_tracking":false,"ep_exclude_from_search":false,"footnotes":""},"categories":[4,2],"tags":[],"class_list":["post-160273","post","type-post","status-publish","format-standard","has-post-thumbnail","hentry","category-gobierno","category-ultima-hora"],"acf":[],"aioseo_notices":[],"_links":{"self":[{"href":"https:\/\/noticel.com\/en\/wp-json\/wp\/v2\/posts\/160273","targetHints":{"allow":["GET"]}}],"collection":[{"href":"https:\/\/noticel.com\/en\/wp-json\/wp\/v2\/posts"}],"about":[{"href":"https:\/\/noticel.com\/en\/wp-json\/wp\/v2\/types\/post"}],"replies":[{"embeddable":true,"href":"https:\/\/noticel.com\/en\/wp-json\/wp\/v2\/comments?post=160273"}],"version-history":[{"count":1,"href":"https:\/\/noticel.com\/en\/wp-json\/wp\/v2\/posts\/160273\/revisions"}],"predecessor-version":[{"id":402755,"href":"https:\/\/noticel.com\/en\/wp-json\/wp\/v2\/posts\/160273\/revisions\/402755"}],"wp:featuredmedia":[{"embeddable":true,"href":"https:\/\/noticel.com\/en\/wp-json\/wp\/v2\/media\/402752"}],"wp:attachment":[{"href":"https:\/\/noticel.com\/en\/wp-json\/wp\/v2\/media?parent=160273"}],"wp:term":[{"taxonomy":"category","embeddable":true,"href":"https:\/\/noticel.com\/en\/wp-json\/wp\/v2\/categories?post=160273"},{"taxonomy":"post_tag","embeddable":true,"href":"https:\/\/noticel.com\/en\/wp-json\/wp\/v2\/tags?post=160273"}],"curies":[{"name":"wp","href":"https:\/\/api.w.org\/{rel}","templated":true}]}}