{"id":160200,"date":"2021-04-10T12:53:00","date_gmt":"2021-04-10T16:53:00","guid":{"rendered":"https:\/\/www.noticel.com\/mundo\/20210410\/el-funeral-del-principe-felipe-sera-el-proximo-sabado\/"},"modified":"2025-07-16T02:55:43","modified_gmt":"2025-07-16T02:55:43","slug":"el-funeral-del-principe-felipe-sera-el-proximo-sabado","status":"publish","type":"post","link":"https:\/\/noticel.com\/en\/noticias\/mundo\/20210410\/el-funeral-del-principe-felipe-sera-el-proximo-sabado\/","title":{"rendered":"El funeral del pr\u00edncipe Felipe ser\u00e1 el pr\u00f3ximo s\u00e1bado"},"content":{"rendered":"<h3>Muri\u00f3 ayer a sus 99 a\u00f1os.<\/h3>\n<p>El funeral del pr\u00edncipe Felipe, fallecido el viernes a los 99 a\u00f1os, tendr\u00e1 lugar el pr\u00f3ximo s\u00e1bado, d\u00eda 17, en la capilla de San Jorge, adyacente al castillo de Windsor, anunci\u00f3 hoy el Palacio de Buckingham.<\/p>\n<p>La ceremonia comenzar\u00e1 a las 14.00 GMT, cuando se pedir\u00e1 a la naci\u00f3n que guarde un minuto de silencio en tributo al esposo de la reina Isabel II.<\/p>\n<p>El f\u00e9retro con el cuerpo del duque de Edimburgo permanecer\u00e1 una capilla privada del castillo hasta la ma\u00f1ana del s\u00e1bado 17, cuando ser\u00e1 trasladado en una procesi\u00f3n ceremonial, acompa\u00f1ado por el pr\u00edncipe Carlos, su primog\u00e9nito, y otros miembros de la familia real.<\/p>\n<p>El estandarte personal del pr\u00edncipe, una corona de flores, su espada y su gorra de la Marina Real brit\u00e1nica decorar\u00e1n el ata\u00fad de Felipe, cuyo funeral no ser\u00e1 precedido por un velorio p\u00fablico, tal como fue su deseo.<\/p>\n<p>Las exequias estar\u00e1n limitadas por las restricciones en vigor contra la pandemia de coronavirus, que restringen los asistentes a funerales en Inglaterra a 30 personas. El de\u00e1n de Windsor, el arzobispo de Canterbury y ocho portadores del f\u00e9retro estar\u00e1n tambi\u00e9n presentes en la capilla.<\/p>\n<p>Un portavoz del Palacio detall\u00f3 a los medios que la duquesa de Sussex, Meghan, que est\u00e1 embarazada, ha recibido la recomendaci\u00f3n m\u00e9dica de no viajar al Reino Unido para asistir a la ceremonia junto a su esposo, el pr\u00edncipe Enrique, quien s\u00ed estar\u00e1 presente.<\/p>\n<p>El Reino Unido mantendr\u00e1 el luto oficial hasta el d\u00eda del funeral, un periodo que la familia real brit\u00e1nica concibe como una ocasi\u00f3n para celebrar la \u00abextraordinaria vida\u00bb del duque.<\/p>\n<p>\u00abEste es naturalmente un momento de tristeza y duelo para la familia real y para muchos otros que conocieron y admiraron al duque de Edimburgo\u00bb, se\u00f1al\u00f3 el portavoz real, que recalc\u00f3 que es tambi\u00e9n la oportunidad de recordar su \u00abenorme contribuci\u00f3n y permanente legado\u00bb.<\/p>\n<p>\u00abSu influencia es mayor de lo que muchos podr\u00edan imaginar que era su papel de consorte\u00bb, subray\u00f3.<\/p>","protected":false},"excerpt":{"rendered":"<p>Muri\u00f3 ayer a sus 99 a\u00f1os. El funeral del pr\u00edncipe Felipe, fallecido el viernes a los 99 a\u00f1os, tendr\u00e1 lugar el pr\u00f3ximo s\u00e1bado, d\u00eda 17, en la capilla de San Jorge, adyacente al castillo de Windsor, anunci\u00f3 hoy el Palacio de Buckingham. La ceremonia comenzar\u00e1 a las 14.00 GMT, cuando se pedir\u00e1 a la naci\u00f3n [&hellip;]<\/p>","protected":false},"author":0,"featured_media":403097,"comment_status":"closed","ping_status":"closed","sticky":false,"template":"","format":"standard","meta":{"_acf_changed":false,"_monsterinsights_skip_tracking":false,"ep_exclude_from_search":false,"footnotes":""},"categories":[17],"tags":[],"class_list":["post-160200","post","type-post","status-publish","format-standard","has-post-thumbnail","hentry","category-mundo"],"acf":[],"aioseo_notices":[],"_links":{"self":[{"href":"https:\/\/noticel.com\/en\/wp-json\/wp\/v2\/posts\/160200","targetHints":{"allow":["GET"]}}],"collection":[{"href":"https:\/\/noticel.com\/en\/wp-json\/wp\/v2\/posts"}],"about":[{"href":"https:\/\/noticel.com\/en\/wp-json\/wp\/v2\/types\/post"}],"replies":[{"embeddable":true,"href":"https:\/\/noticel.com\/en\/wp-json\/wp\/v2\/comments?post=160200"}],"version-history":[{"count":1,"href":"https:\/\/noticel.com\/en\/wp-json\/wp\/v2\/posts\/160200\/revisions"}],"predecessor-version":[{"id":403098,"href":"https:\/\/noticel.com\/en\/wp-json\/wp\/v2\/posts\/160200\/revisions\/403098"}],"wp:featuredmedia":[{"embeddable":true,"href":"https:\/\/noticel.com\/en\/wp-json\/wp\/v2\/media\/403097"}],"wp:attachment":[{"href":"https:\/\/noticel.com\/en\/wp-json\/wp\/v2\/media?parent=160200"}],"wp:term":[{"taxonomy":"category","embeddable":true,"href":"https:\/\/noticel.com\/en\/wp-json\/wp\/v2\/categories?post=160200"},{"taxonomy":"post_tag","embeddable":true,"href":"https:\/\/noticel.com\/en\/wp-json\/wp\/v2\/tags?post=160200"}],"curies":[{"name":"wp","href":"https:\/\/api.w.org\/{rel}","templated":true}]}}