{"id":158465,"date":"2021-03-05T16:31:00","date_gmt":"2021-03-05T20:31:00","guid":{"rendered":"https:\/\/www.noticel.com\/ahora\/20210305\/drna-aclara-alcance-de-oa-para-autorizacion-provisional-de-pesca-mientras-se-evaluan-solicitudes-de\/"},"modified":"2025-07-16T05:53:03","modified_gmt":"2025-07-16T05:53:03","slug":"drna-aclara-alcance-de-oa-para-autorizacion-provisional-de-pesca-mientras-se-evaluan-solicitudes-de","status":"publish","type":"post","link":"https:\/\/noticel.com\/en\/ultima-hora\/20210305\/drna-aclara-alcance-de-oa-para-autorizacion-provisional-de-pesca-mientras-se-evaluan-solicitudes-de\/","title":{"rendered":"DRNA aclara alcance de OA para autorizaci\u00f3n provisional de pesca mientras se eval\u00faan solicitudes de"},"content":{"rendered":"<h3>Podr\u00e1n tramitar el marbete de sus embarcaciones benefici\u00e1ndose de los descuentos permitidos por Ley, con el recibo de radicaci\u00f3n de solicitud de licencia de pescador.<\/h3>\n<p>El secretario de Recursos Naturales y Ambientales (DRNA), Lcdo. Rafael Machargo Maldonado, inform\u00f3 que esa agencia estar\u00e1 implementando una serie de iniciativas encaminadas a viabilizar y adelantar el tr\u00e1mite de aprobaci\u00f3n de las licencias de pesca, as\u00ed como las de caza.<\/p>\n<p>\u201cA partir del pr\u00f3ximo 6 de marzo, todos los pescadores registrados y\/o que hayan radicado su solicitud de renovaci\u00f3n de licencia de pesca, en virtud de la Orden Administrativa 2021-03, podr\u00e1n tramitar, en la Oficina del Comisionado de Navegaci\u00f3n del DRNA, el marbete de sus embarcaciones benefici\u00e1ndose de los descuentos permitidos por Ley,\u201d indic\u00f3 Machargo Maldonado.<\/p>\n<p>Tras el aumento en el volumen de solicitudes de licencias de pesca, Machargo Maldonado, firm\u00f3 la Orden Administrativa 2021 \u2013 03 para emitir una autorizaci\u00f3n provisional de pesca mientras se eval\u00faan las solicitudes.<\/p><div class=\"notic-content-middle\" id=\"notic-2025676791\"><div class=\"notic-adlabel\">Advertisements<\/div><a data-no-instant=\"1\" href=\"https:\/\/qrco.de\/bgxd5v\" rel=\"noopener\" class=\"a2t-link\" target=\"_blank\" aria-label=\"DisplayAd-970&#215;90\"><img loading=\"lazy\" decoding=\"async\" src=\"https:\/\/cdn.noticel.com\/2026\/09\/02195840\/DisplayAd-970x90-1.jpg\" alt=\"\"  srcset=\"https:\/\/cdn.noticel.com\/2026\/09\/02195840\/DisplayAd-970x90-1.jpg 970w, https:\/\/cdn.noticel.com\/2026\/09\/02195840\/DisplayAd-970x90-1-300x28.jpg 300w, https:\/\/cdn.noticel.com\/2026\/09\/02195840\/DisplayAd-970x90-1-768x71.jpg 768w, https:\/\/cdn.noticel.com\/2026\/09\/02195840\/DisplayAd-970x90-1-18x2.jpg 18w\" sizes=\"(max-width: 970px) 100vw, 970px\" width=\"970\" height=\"90\"   \/><\/a><\/div>\n<p>Igualmente, se asignar\u00e1n recursos adicionales para atender el tr\u00e1mite de las solicitudes de caza y pesca radicadas en la Agencia; y de esta forma, agilizar la evaluaci\u00f3n de las solicitudes de licencia al 30 de junio de 2021.<\/p>\n<p>Por otro lado, el secretario inform\u00f3 que, \u201cpr\u00f3ximamente se estar\u00e1 entregando una segunda ronda de ayudas a los pescadores bajo el Programa Federal Fishery Disaster, que beneficia a los pescadores registrados en el DRNA.\u201d<\/p>","protected":false},"excerpt":{"rendered":"<p>Podr\u00e1n tramitar el marbete de sus embarcaciones benefici\u00e1ndose de los descuentos permitidos por Ley, con el recibo de radicaci\u00f3n de solicitud de licencia de pescador. El secretario de Recursos Naturales y Ambientales (DRNA), Lcdo. Rafael Machargo Maldonado, inform\u00f3 que esa agencia estar\u00e1 implementando una serie de iniciativas encaminadas a viabilizar y adelantar el tr\u00e1mite de [&hellip;]<\/p>","protected":false},"author":0,"featured_media":414412,"comment_status":"closed","ping_status":"closed","sticky":false,"template":"","format":"standard","meta":{"_acf_changed":false,"_monsterinsights_skip_tracking":false,"ep_exclude_from_search":false,"footnotes":""},"categories":[2],"tags":[],"class_list":["post-158465","post","type-post","status-publish","format-standard","has-post-thumbnail","hentry","category-ultima-hora"],"acf":[],"aioseo_notices":[],"_links":{"self":[{"href":"https:\/\/noticel.com\/en\/wp-json\/wp\/v2\/posts\/158465","targetHints":{"allow":["GET"]}}],"collection":[{"href":"https:\/\/noticel.com\/en\/wp-json\/wp\/v2\/posts"}],"about":[{"href":"https:\/\/noticel.com\/en\/wp-json\/wp\/v2\/types\/post"}],"replies":[{"embeddable":true,"href":"https:\/\/noticel.com\/en\/wp-json\/wp\/v2\/comments?post=158465"}],"version-history":[{"count":1,"href":"https:\/\/noticel.com\/en\/wp-json\/wp\/v2\/posts\/158465\/revisions"}],"predecessor-version":[{"id":414414,"href":"https:\/\/noticel.com\/en\/wp-json\/wp\/v2\/posts\/158465\/revisions\/414414"}],"wp:featuredmedia":[{"embeddable":true,"href":"https:\/\/noticel.com\/en\/wp-json\/wp\/v2\/media\/414412"}],"wp:attachment":[{"href":"https:\/\/noticel.com\/en\/wp-json\/wp\/v2\/media?parent=158465"}],"wp:term":[{"taxonomy":"category","embeddable":true,"href":"https:\/\/noticel.com\/en\/wp-json\/wp\/v2\/categories?post=158465"},{"taxonomy":"post_tag","embeddable":true,"href":"https:\/\/noticel.com\/en\/wp-json\/wp\/v2\/tags?post=158465"}],"curies":[{"name":"wp","href":"https:\/\/api.w.org\/{rel}","templated":true}]}}