{"id":158270,"date":"2021-03-02T15:43:00","date_gmt":"2021-03-02T19:43:00","guid":{"rendered":"https:\/\/www.noticel.com\/musica\/pop\/20210302\/el-musico-puertorriqueno-eduardo-cabra-lanza-su-nuevo-sencillo-y-video-musical\/"},"modified":"2025-07-16T06:09:37","modified_gmt":"2025-07-16T06:09:37","slug":"el-musico-puertorriqueno-eduardo-cabra-lanza-su-nuevo-sencillo-y-video-musical","status":"publish","type":"post","link":"https:\/\/noticel.com\/en\/entretenimiento\/musica\/20210302\/el-musico-puertorriqueno-eduardo-cabra-lanza-su-nuevo-sencillo-y-video-musical\/","title":{"rendered":"El m\u00fasico puertorrique\u00f1o Eduardo Cabra lanza su nuevo sencillo y video musical"},"content":{"rendered":"<h3>La canci\u00f3n \u00abGris\u00bb, es dedicada a las personas que andan con una carga de autoculpa.<\/h3>\n<p>El m\u00fasico puertorrique\u00f1o Cabra, antes conocido como \u00abVisitante\u00bb cuando era co-l\u00edder del grupo Calle 13, lanz\u00f3 este martes su nuevo sencillo y v\u00eddeo musical, \u00abGris\u00bb, dedicado a las personas que andan con una carga de autoculpa.<\/p>\n<p>\u00abGris\u00bb es el tercer sencillo de lo que ser\u00e1 el primer disco EP (Extended Play) de Cabra y un venidero disco, Cabra nuevamente utiliza su creatividad musical como terapia para un alma aquejada, para esos que sufren de la autoculpa causada por una agobiante carga emocional, seg\u00fan se detall\u00f3 en un comunicado de prensa.<\/p>\n<p>El tema, de igual manera, trata con la tendencia de muchos de evitar la confrontaci\u00f3n y cederse toda la culpa sobre relaciones fallidas en la vida, como las familiares, entre amistades o las amorosas a pesar de las medidas que deben ser asumidas a otros.<\/p>\n<p>Ejemplo de ello lo interpreta Cabra en el tema, cuando menciona que \u00abTu bala es la culpa y yo la recibo, revienta con mi pecho, termina conmigo\u00bb.<\/p>\n<p>El video, dirigido por Niko Sedano, presenta a Cabra interpretando el tema solo frente a un micr\u00f3fono, con un tel\u00f3n rojo de fondo y alcanzado con diferentes art\u00edculos en su cara y sobre un traje blanco, entre ellos, pintura, cremas batidas, plumaje y palomitas de ma\u00edz.<\/p>\n<p>\u00abGris\u00bb es el sencillo m\u00e1s reciente de Cabra desde que lanz\u00f3 \u00abLa ventana\u00bb y \u00abLa Cabra Jala Pal Monte\u00bb.<\/p><div class=\"notic-content-middle\" id=\"notic-1753364172\"><div class=\"notic-adlabel\">Advertisements<\/div><a data-no-instant=\"1\" href=\"https:\/\/qrco.de\/bgxd5v\" rel=\"noopener\" class=\"a2t-link\" target=\"_blank\" aria-label=\"DisplayAd-970&#215;90\"><img loading=\"lazy\" decoding=\"async\" src=\"https:\/\/cdn.noticel.com\/2026\/09\/02195840\/DisplayAd-970x90-1.jpg\" alt=\"\"  srcset=\"https:\/\/cdn.noticel.com\/2026\/09\/02195840\/DisplayAd-970x90-1.jpg 970w, https:\/\/cdn.noticel.com\/2026\/09\/02195840\/DisplayAd-970x90-1-300x28.jpg 300w, https:\/\/cdn.noticel.com\/2026\/09\/02195840\/DisplayAd-970x90-1-768x71.jpg 768w, https:\/\/cdn.noticel.com\/2026\/09\/02195840\/DisplayAd-970x90-1-18x2.jpg 18w\" sizes=\"(max-width: 970px) 100vw, 970px\" width=\"970\" height=\"90\"   \/><\/a><\/div>\n<p>Igualmente, la semana pasada Cabra, ganador de 28 Grammys anglosajones y latinos, lanz\u00f3 junto al artista urbano puertorrique\u00f1o Guaynaa el sencillo \u00abSOMOS\u00bb, canci\u00f3n principal de la pel\u00edcula \u00abEl Cuartito\u00bb, dirigida por el guionista y cineasta argentino Marcos Carnevale, director de la pel\u00edcula \u00abElsa &amp; Fred\u00bb.<\/p>\n<p>Adicionalmente, la composici\u00f3n estuvo a cargo del mismo Cabra junto al artista Sie7e.<\/p>\n<p>\u00abEl Cuartito\u00bb es la historia de cinco pasajeros que llegan a Puerto Rico y por diferentes motivos quedan retenidos en la sala de inmigraci\u00f3n del aeropuerto internacional en San Juan.<\/p>\n<p>Los personajes, completamente desconocidos entre ellos, convivir\u00e1n detenidos, incomunicados con el exterior y sin noticias sobre su futuro m\u00e1s inmediato.<\/p>\n<p>Vivir\u00e1n juntos una aventura que marcar\u00e1 un antes y un despu\u00e9s en sus vidas.<\/p>","protected":false},"excerpt":{"rendered":"<p>La canci\u00f3n \u00abGris\u00bb, es dedicada a las personas que andan con una carga de autoculpa. El m\u00fasico puertorrique\u00f1o Cabra, antes conocido como \u00abVisitante\u00bb cuando era co-l\u00edder del grupo Calle 13, lanz\u00f3 este martes su nuevo sencillo y v\u00eddeo musical, \u00abGris\u00bb, dedicado a las personas que andan con una carga de autoculpa. \u00abGris\u00bb es el tercer [&hellip;]<\/p>","protected":false},"author":0,"featured_media":415377,"comment_status":"closed","ping_status":"closed","sticky":false,"template":"","format":"standard","meta":{"_acf_changed":false,"_monsterinsights_skip_tracking":false,"ep_exclude_from_search":false,"footnotes":""},"categories":[53],"tags":[],"class_list":["post-158270","post","type-post","status-publish","format-standard","has-post-thumbnail","hentry","category-musica"],"acf":[],"aioseo_notices":[],"_links":{"self":[{"href":"https:\/\/noticel.com\/en\/wp-json\/wp\/v2\/posts\/158270","targetHints":{"allow":["GET"]}}],"collection":[{"href":"https:\/\/noticel.com\/en\/wp-json\/wp\/v2\/posts"}],"about":[{"href":"https:\/\/noticel.com\/en\/wp-json\/wp\/v2\/types\/post"}],"replies":[{"embeddable":true,"href":"https:\/\/noticel.com\/en\/wp-json\/wp\/v2\/comments?post=158270"}],"version-history":[{"count":1,"href":"https:\/\/noticel.com\/en\/wp-json\/wp\/v2\/posts\/158270\/revisions"}],"predecessor-version":[{"id":415380,"href":"https:\/\/noticel.com\/en\/wp-json\/wp\/v2\/posts\/158270\/revisions\/415380"}],"wp:featuredmedia":[{"embeddable":true,"href":"https:\/\/noticel.com\/en\/wp-json\/wp\/v2\/media\/415377"}],"wp:attachment":[{"href":"https:\/\/noticel.com\/en\/wp-json\/wp\/v2\/media?parent=158270"}],"wp:term":[{"taxonomy":"category","embeddable":true,"href":"https:\/\/noticel.com\/en\/wp-json\/wp\/v2\/categories?post=158270"},{"taxonomy":"post_tag","embeddable":true,"href":"https:\/\/noticel.com\/en\/wp-json\/wp\/v2\/tags?post=158270"}],"curies":[{"name":"wp","href":"https:\/\/api.w.org\/{rel}","templated":true}]}}