{"id":158205,"date":"2021-03-01T14:36:00","date_gmt":"2021-03-01T18:36:00","guid":{"rendered":"https:\/\/www.noticel.com\/ahora\/coronavirus\/gobierno\/20210301\/gobierno-insta-a-los-empleados-publicos-a-regresar-a-trabajar-de-manera-presencial\/"},"modified":"2025-07-16T06:14:44","modified_gmt":"2025-07-16T06:14:44","slug":"gobierno-insta-a-los-empleados-publicos-a-regresar-a-trabajar-de-manera-presencial","status":"publish","type":"post","link":"https:\/\/noticel.com\/en\/ultima-hora\/20210301\/gobierno-insta-a-los-empleados-publicos-a-regresar-a-trabajar-de-manera-presencial\/","title":{"rendered":"Gobierno insta a los empleados p\u00fablicos a regresar a trabajar de manera presencial"},"content":{"rendered":"<h3>Solicita a las agencias que actualicen su plan de trabajo en tiempos de la pandemia del Covid-19.<\/h3>\n<p>El gobierno inici\u00f3 el proceso para \u201creactivar\u201d a los empleados p\u00fablicos, que contin\u00faan trabajando de forma remota desde sus hogares, inform\u00f3 hoy Noelia Garc\u00eda Bardales, secretaria de la Gobernaci\u00f3n.<\/p>\n<p>Garc\u00eda Bardales apunt\u00f3 que urge retomar las tareas presenciales como parte de la estrategia gubernamental para encaminar los proyectos de reconstrucci\u00f3n pendientes.<\/p>\n<p>\u201cHay espacio todav\u00eda para seguir reinsertando empleados al trabajo presencial. No solamente hay espacios, sino que hay necesidad. As\u00ed que esa llamada al trabajo presencial es una llamada de auxilio urgente porque necesitamos activar ese brazo ejecutor\u201d, afirm\u00f3 en rueda de prensa luego de una reuni\u00f3n entre el gobernador Pedro Pierluisi Urrutia y su equipo de infraestructura.<\/p>\n<p>Garc\u00eda Bardales precis\u00f3 que la inicio de la pandemia del Covid-19 las agencias p\u00fablicas elaboraron planes de trabajo que ahora deben actualizar ante la petici\u00f3n del Ejecutivo. Las agencias tienen que ajustar ese plan a marzo 31.<\/p>\n<p>Al momento de ofrecer declaraciones, la Secretaria de la Gobernaci\u00f3n no ten\u00eda a la mano el n\u00famero de empleados que todav\u00eda labora de manera remota, ni cu\u00e1ntos ya se hab\u00edan reportado a sus oficinas. Tampoco ofreci\u00f3 un estimado de los funcionarios que podr\u00edan retornar a sus labores como parte de esta segunda fase de trabajo en tiempos del Covid-19.<\/p>\n<p>No anticip\u00f3 cambios en las prioridades del proceso de vacunaci\u00f3n masiva que realiza el Gobierno, mientras insisti\u00f3 en que las agencias deben estar preparadas para tomar las medidas de mitigaci\u00f3n para evitar la propagaci\u00f3n del virus como mantener el distanciamiento f\u00edsico y seguir rigurosas reglas de higiene y de limpieza.<\/p>\n<p>\u201cCualquier empleado con una condici\u00f3n de salud que pueda estar en riesgo, que someta su certificado de salud y se eval\u00faa\u201d, respondi\u00f3 a preguntas de la prensa.<\/p>\n<p>Indic\u00f3 tambi\u00e9n que desde marzo del a\u00f1o pasado las agencias p\u00fablicas cuentan con los fondos para adquirir del equipo de higiene y limpieza requerido para combatir el Covid-19.<\/p>","protected":false},"excerpt":{"rendered":"<p>Solicita a las agencias que actualicen su plan de trabajo en tiempos de la pandemia del Covid-19. El gobierno inici\u00f3 el proceso para \u201creactivar\u201d a los empleados p\u00fablicos, que contin\u00faan trabajando de forma remota desde sus hogares, inform\u00f3 hoy Noelia Garc\u00eda Bardales, secretaria de la Gobernaci\u00f3n. Garc\u00eda Bardales apunt\u00f3 que urge retomar las tareas presenciales [&hellip;]<\/p>","protected":false},"author":0,"featured_media":415668,"comment_status":"closed","ping_status":"closed","sticky":false,"template":"","format":"standard","meta":{"_acf_changed":false,"_monsterinsights_skip_tracking":false,"ep_exclude_from_search":false,"footnotes":""},"categories":[4,2],"tags":[],"class_list":["post-158205","post","type-post","status-publish","format-standard","has-post-thumbnail","hentry","category-gobierno","category-ultima-hora"],"acf":[],"aioseo_notices":[],"_links":{"self":[{"href":"https:\/\/noticel.com\/en\/wp-json\/wp\/v2\/posts\/158205","targetHints":{"allow":["GET"]}}],"collection":[{"href":"https:\/\/noticel.com\/en\/wp-json\/wp\/v2\/posts"}],"about":[{"href":"https:\/\/noticel.com\/en\/wp-json\/wp\/v2\/types\/post"}],"replies":[{"embeddable":true,"href":"https:\/\/noticel.com\/en\/wp-json\/wp\/v2\/comments?post=158205"}],"version-history":[{"count":1,"href":"https:\/\/noticel.com\/en\/wp-json\/wp\/v2\/posts\/158205\/revisions"}],"predecessor-version":[{"id":415671,"href":"https:\/\/noticel.com\/en\/wp-json\/wp\/v2\/posts\/158205\/revisions\/415671"}],"wp:featuredmedia":[{"embeddable":true,"href":"https:\/\/noticel.com\/en\/wp-json\/wp\/v2\/media\/415668"}],"wp:attachment":[{"href":"https:\/\/noticel.com\/en\/wp-json\/wp\/v2\/media?parent=158205"}],"wp:term":[{"taxonomy":"category","embeddable":true,"href":"https:\/\/noticel.com\/en\/wp-json\/wp\/v2\/categories?post=158205"},{"taxonomy":"post_tag","embeddable":true,"href":"https:\/\/noticel.com\/en\/wp-json\/wp\/v2\/tags?post=158205"}],"curies":[{"name":"wp","href":"https:\/\/api.w.org\/{rel}","templated":true}]}}