{"id":158155,"date":"2021-02-27T19:31:00","date_gmt":"2021-02-27T23:31:00","guid":{"rendered":"https:\/\/www.noticel.com\/ahora\/top-stories\/20210227\/la-fda-autoriza-el-uso-de-emergencia-de-la-vacuna-de-johnson-johnson-contra-el-covid-19\/"},"modified":"2025-07-16T06:18:41","modified_gmt":"2025-07-16T06:18:41","slug":"la-fda-autoriza-el-uso-de-emergencia-de-la-vacuna-de-johnson-johnson-contra-el-covid-19","status":"publish","type":"post","link":"https:\/\/noticel.com\/en\/ultima-hora\/20210227\/la-fda-autoriza-el-uso-de-emergencia-de-la-vacuna-de-johnson-johnson-contra-el-covid-19\/","title":{"rendered":"La FDA autoriza el uso de emergencia de la vacuna de Johnson &amp; Johnson contra el COVID-19"},"content":{"rendered":"<h3>Para mayores de 18 a\u00f1os.<\/h3>\n<p>La Administraci\u00f3n de Alimentos y Medicamentos de Estados Unidos (FDA, por sus siglas en ingl\u00e9s) autoriz\u00f3 el uso de emergencia de la vacuna de Johnson &amp; Johnson para prevenir el COVID-19.<\/p>\n<p>Esa autorizaci\u00f3n permite la administraci\u00f3n de la vacuna en personas mayores de 18 a\u00f1os.<\/p>\n<p>\u00abLa autorizaci\u00f3n de esta vacuna ampl\u00eda la disponibilidad de vacunas, el mejor m\u00e9todo de prevenci\u00f3n m\u00e9dica para COVID-19, para ayudarnos en la lucha contra esta pandemia, que se ha cobrado m\u00e1s de medio mill\u00f3n de vidas en los Estados Unidos\u00bb, dijo el comisionado interino de la FDA, Janet Woodcock.<\/p>\n<p><strong id=\"strong-5f2420aa6c39b95a8e49da3c77299684\">Mira tambi\u00e9n<\/strong>: <a href=\"https:\/\/noticel.com\/en\/ahora\/top-stories\/20210227\/salud-planea-incluir-personas-con-enfermedades-cronicas-y-vacunaciones-hasta-las-1200-de-la-noche\/\" id=\"link-1f78e1387b8724112e756580e3f43ef9\">Salud planea incluir personas con enfermedades cr\u00f3nicas y vacunaciones hasta las 12:00 de la noche<\/a><\/p>\n<p>En Puerto Rico, precisamente hoy, el secretario del Departamento de Salud, Carlos Mellado L\u00f3pez, adelant\u00f3 que la disponibilidad de vacunas de Johnson &amp; Johnson permitir\u00eda abrir la inoculaci\u00f3n a una nueva fase, los pacientes con condiciones cr\u00f3nicas.<\/p><div class=\"notic-content-middle\" id=\"notic-3517078539\"><div class=\"notic-adlabel\">Advertisements<\/div><a data-no-instant=\"1\" href=\"https:\/\/www.asegurate-bien.com\/\" rel=\"noopener\" class=\"a2t-link\" target=\"_blank\" aria-label=\"Acodese-Adaptaciones-Noticel-970&#215;250\"><img loading=\"lazy\" decoding=\"async\" src=\"https:\/\/cdn.noticel.com\/2026\/05\/30100504\/Acodese-Adaptaciones-Noticel-970x250-1.jpg\" alt=\"\"  srcset=\"https:\/\/cdn.noticel.com\/2026\/05\/30100504\/Acodese-Adaptaciones-Noticel-970x250-1.jpg 970w, https:\/\/cdn.noticel.com\/2026\/05\/30100504\/Acodese-Adaptaciones-Noticel-970x250-1-300x77.jpg 300w, https:\/\/cdn.noticel.com\/2026\/05\/30100504\/Acodese-Adaptaciones-Noticel-970x250-1-768x198.jpg 768w, https:\/\/cdn.noticel.com\/2026\/05\/30100504\/Acodese-Adaptaciones-Noticel-970x250-1-18x5.jpg 18w\" sizes=\"(max-width: 970px) 100vw, 970px\" width=\"970\" height=\"250\"   \/><\/a><\/div>\n<p>Mellado L\u00f3pez indic\u00f3 tambi\u00e9n que planean realizar campa\u00f1as de vacunaci\u00f3n masivas hasta las 12:00 de la media noche.<\/p>\n<p>Esta es la tercera vacuna autorizada por la FDA. Previamente se autoriz\u00f3 la vacuna de Pfizer y luego la de Moderna.<\/p>\n<p>Las pruebas con la vacuna de J&amp;J han mostrado una efectividad contra el coronavirus del 66 %, por debajo del 94-95 % de las vacunas ya existentes, pero con una capacidad del 86 % para esquivar los casos graves de la enfermedad, hospitalizaciones y muertes, lo que podr\u00eda ser suficiente para proteger a la poblaci\u00f3n.<\/p>\n<p>Esta vacuna, a diferencia de las otras dos aprobadas, es de una sola dosis.<\/p>","protected":false},"excerpt":{"rendered":"<p>Para mayores de 18 a\u00f1os. La Administraci\u00f3n de Alimentos y Medicamentos de Estados Unidos (FDA, por sus siglas en ingl\u00e9s) autoriz\u00f3 el uso de emergencia de la vacuna de Johnson &amp; Johnson para prevenir el COVID-19. Esa autorizaci\u00f3n permite la administraci\u00f3n de la vacuna en personas mayores de 18 a\u00f1os. \u00abLa autorizaci\u00f3n de esta vacuna [&hellip;]<\/p>","protected":false},"author":0,"featured_media":415892,"comment_status":"closed","ping_status":"closed","sticky":false,"template":"","format":"standard","meta":{"_acf_changed":false,"_monsterinsights_skip_tracking":false,"ep_exclude_from_search":false,"footnotes":""},"categories":[2],"tags":[],"class_list":["post-158155","post","type-post","status-publish","format-standard","has-post-thumbnail","hentry","category-ultima-hora"],"acf":[],"aioseo_notices":[],"_links":{"self":[{"href":"https:\/\/noticel.com\/en\/wp-json\/wp\/v2\/posts\/158155","targetHints":{"allow":["GET"]}}],"collection":[{"href":"https:\/\/noticel.com\/en\/wp-json\/wp\/v2\/posts"}],"about":[{"href":"https:\/\/noticel.com\/en\/wp-json\/wp\/v2\/types\/post"}],"replies":[{"embeddable":true,"href":"https:\/\/noticel.com\/en\/wp-json\/wp\/v2\/comments?post=158155"}],"version-history":[{"count":1,"href":"https:\/\/noticel.com\/en\/wp-json\/wp\/v2\/posts\/158155\/revisions"}],"predecessor-version":[{"id":415893,"href":"https:\/\/noticel.com\/en\/wp-json\/wp\/v2\/posts\/158155\/revisions\/415893"}],"wp:featuredmedia":[{"embeddable":true,"href":"https:\/\/noticel.com\/en\/wp-json\/wp\/v2\/media\/415892"}],"wp:attachment":[{"href":"https:\/\/noticel.com\/en\/wp-json\/wp\/v2\/media?parent=158155"}],"wp:term":[{"taxonomy":"category","embeddable":true,"href":"https:\/\/noticel.com\/en\/wp-json\/wp\/v2\/categories?post=158155"},{"taxonomy":"post_tag","embeddable":true,"href":"https:\/\/noticel.com\/en\/wp-json\/wp\/v2\/tags?post=158155"}],"curies":[{"name":"wp","href":"https:\/\/api.w.org\/{rel}","templated":true}]}}