{"id":157528,"date":"2021-02-16T14:25:00","date_gmt":"2021-02-16T18:25:00","guid":{"rendered":"https:\/\/www.noticel.com\/video\/20210216\/lo-que-se-sabe-sobre-la-turista-contagiada-con-la-cepa-britanica-de-coronavirus-que-llego-a-p-r\/"},"modified":"2025-07-16T07:19:59","modified_gmt":"2025-07-16T07:19:59","slug":"lo-que-se-sabe-sobre-la-turista-contagiada-con-la-cepa-britanica-de-coronavirus-que-llego-a-p-r","status":"publish","type":"post","link":"https:\/\/noticel.com\/en\/videos-y-fotos\/video\/20210216\/lo-que-se-sabe-sobre-la-turista-contagiada-con-la-cepa-britanica-de-coronavirus-que-llego-a-p-r\/","title":{"rendered":"Lo que se sabe sobre la turista contagiada con la cepa brit\u00e1nica de coronavirus que lleg\u00f3 a P.R."},"content":{"rendered":"<h3>El Departamento de Salud confirm\u00f3 la llegada de la variante brit\u00e1nica a Puerto Rico.<\/h3>\n<p><iframe loading=\"lazy\" title=\"Lo que se sabe sobre la turista contagiada con la cepa brit\u00e1nica de coronavirus que lleg\u00f3 a P.R.\" width=\"500\" height=\"281\" src=\"https:\/\/www.youtube.com\/embed\/puxe2Jl5pcE?feature=oembed\" frameborder=\"0\" allow=\"accelerometer; autoplay; clipboard-write; encrypted-media; gyroscope; picture-in-picture; web-share\" referrerpolicy=\"strict-origin-when-cross-origin\" allowfullscreen><\/iframe><\/p>\n<p>El secretario del Departamento de Salud, Carlos Mellado L\u00f3pez, confirm\u00f3 en conferencia de prensa la llegada a la isla de la cepa brit\u00e1nica del COVID-19 a trav\u00e9s de una puertorrique\u00f1a residente en Europa y que vino de visita a la isla en el mes de enero.<\/p><div class=\"notic-content-middle\" id=\"notic-3528848288\"><div class=\"notic-adlabel\">Advertisements<\/div><a data-no-instant=\"1\" href=\"https:\/\/qrco.de\/bgxd5v\" rel=\"noopener\" class=\"a2t-link\" target=\"_blank\" aria-label=\"DisplayAd-970&#215;90\"><img loading=\"lazy\" decoding=\"async\" src=\"https:\/\/cdn.noticel.com\/2026\/09\/02195840\/DisplayAd-970x90-1.jpg\" alt=\"\"  srcset=\"https:\/\/cdn.noticel.com\/2026\/09\/02195840\/DisplayAd-970x90-1.jpg 970w, https:\/\/cdn.noticel.com\/2026\/09\/02195840\/DisplayAd-970x90-1-300x28.jpg 300w, https:\/\/cdn.noticel.com\/2026\/09\/02195840\/DisplayAd-970x90-1-768x71.jpg 768w, https:\/\/cdn.noticel.com\/2026\/09\/02195840\/DisplayAd-970x90-1-18x2.jpg 18w\" sizes=\"(max-width: 970px) 100vw, 970px\" width=\"970\" height=\"90\"   \/><\/a><\/div>","protected":false},"excerpt":{"rendered":"<p>El Departamento de Salud confirm\u00f3 la llegada de la variante brit\u00e1nica a Puerto Rico. El secretario del Departamento de Salud, Carlos Mellado L\u00f3pez, confirm\u00f3 en conferencia de prensa la llegada a la isla de la cepa brit\u00e1nica del COVID-19 a trav\u00e9s de una puertorrique\u00f1a residente en Europa y que vino de visita a la isla [&hellip;]<\/p>","protected":false},"author":0,"featured_media":419663,"comment_status":"closed","ping_status":"closed","sticky":false,"template":"","format":"standard","meta":{"_acf_changed":false,"_monsterinsights_skip_tracking":false,"ep_exclude_from_search":false,"footnotes":""},"categories":[61],"tags":[],"class_list":["post-157528","post","type-post","status-publish","format-standard","has-post-thumbnail","hentry","category-video"],"acf":[],"aioseo_notices":[],"_links":{"self":[{"href":"https:\/\/noticel.com\/en\/wp-json\/wp\/v2\/posts\/157528","targetHints":{"allow":["GET"]}}],"collection":[{"href":"https:\/\/noticel.com\/en\/wp-json\/wp\/v2\/posts"}],"about":[{"href":"https:\/\/noticel.com\/en\/wp-json\/wp\/v2\/types\/post"}],"replies":[{"embeddable":true,"href":"https:\/\/noticel.com\/en\/wp-json\/wp\/v2\/comments?post=157528"}],"version-history":[{"count":1,"href":"https:\/\/noticel.com\/en\/wp-json\/wp\/v2\/posts\/157528\/revisions"}],"predecessor-version":[{"id":419668,"href":"https:\/\/noticel.com\/en\/wp-json\/wp\/v2\/posts\/157528\/revisions\/419668"}],"wp:featuredmedia":[{"embeddable":true,"href":"https:\/\/noticel.com\/en\/wp-json\/wp\/v2\/media\/419663"}],"wp:attachment":[{"href":"https:\/\/noticel.com\/en\/wp-json\/wp\/v2\/media?parent=157528"}],"wp:term":[{"taxonomy":"category","embeddable":true,"href":"https:\/\/noticel.com\/en\/wp-json\/wp\/v2\/categories?post=157528"},{"taxonomy":"post_tag","embeddable":true,"href":"https:\/\/noticel.com\/en\/wp-json\/wp\/v2\/tags?post=157528"}],"curies":[{"name":"wp","href":"https:\/\/api.w.org\/{rel}","templated":true}]}}