{"id":156132,"date":"2021-01-19T12:38:00","date_gmt":"2021-01-19T16:38:00","guid":{"rendered":"https:\/\/www.noticel.com\/ahora\/20210119\/fei-no-investigara-al-administrador-de-los-sistemas-de-retiro-luis-collazo\/"},"modified":"2025-07-16T09:37:13","modified_gmt":"2025-07-16T09:37:13","slug":"fei-no-investigara-al-administrador-de-los-sistemas-de-retiro-luis-collazo","status":"publish","type":"post","link":"https:\/\/noticel.com\/en\/ultima-hora\/20210119\/fei-no-investigara-al-administrador-de-los-sistemas-de-retiro-luis-collazo\/","title":{"rendered":"FEI no investigar\u00e1 al administrador de los Sistemas de Retiro, Luis Collazo"},"content":{"rendered":"<h3>Se hab\u00eda presentado una querella an\u00f3nima por alegado conflictos de inter\u00e9s.<\/h3>\n<p>El Panel sobre el Fiscal Especial Independiente (PFEI) inform\u00f3 el martes que, tras acoger una recomendaci\u00f3n del Departamento de Justicia, no asignar\u00e1 un fiscal especial independiente para investigar una querella an\u00f3nima contra el administrador de los Sistemas de Retiro, Luis Collazo Rodr\u00edguez por alegaciones de conflictos de inter\u00e9s.<\/p>\n<p>El PFEI indic\u00f3, que a ra\u00edz de dicha querella al DJPR realiz\u00f3 una investigaci\u00f3n preliminar. En esa pesquisa se examinaron las denuncias de que el licenciado Collazo Rodr\u00edguez se desempe\u00f1aba de forma err\u00e1tica como profesional y que generaba un estado de estr\u00e9s entre el personal.<\/p><div class=\"notic-content-middle\" id=\"notic-1126452557\"><div class=\"notic-adlabel\">Advertisements<\/div><a data-no-instant=\"1\" href=\"https:\/\/qrco.de\/bgxd5v\" rel=\"noopener\" class=\"a2t-link\" target=\"_blank\" aria-label=\"300X600-SEBUSCA\"><img loading=\"lazy\" decoding=\"async\" src=\"https:\/\/cdn.noticel.com\/2026\/09\/02194007\/300X600-SEBUSCA.jpg\" alt=\"\"  srcset=\"https:\/\/cdn.noticel.com\/2026\/09\/02194007\/300X600-SEBUSCA.jpg 300w, https:\/\/cdn.noticel.com\/2026\/09\/02194007\/300X600-SEBUSCA-150x300.jpg 150w, https:\/\/cdn.noticel.com\/2026\/09\/02194007\/300X600-SEBUSCA-6x12.jpg 6w\" sizes=\"(max-width: 300px) 100vw, 300px\" width=\"300\" height=\"600\"   \/><\/a><\/div>\n<p>La mencionada investigaci\u00f3n del DJPR expone que, aunque el licenciado Collazo Rodr\u00edguez ostenta varios nombramientos como funcionario de los diferentes sistemas gubernamentales de retiro del gobierno, la realidad es que mediante la Ley 106-2017 se reformaron esos sistemas, como un nuevo organismo independiente y separado de otros, por lo cual no existe el conflicto se\u00f1alado. El Informe expone, adem\u00e1s, que \u201cla querella aborda asuntos que carecen de especificidad y, en alguna medida, resultan incoherentes en cuanto a cu\u00e1les irregularidades cometi\u00f3 el licenciado Collazo Rodr\u00edguez como parte de sus funciones\u201d. A\u00f1ade el documento del DJPR, que la pesquisa no entr\u00f3 en el an\u00e1lisis y discusi\u00f3n de su desempe\u00f1o y del alegado nivel de estr\u00e9s adjudicado al licenciado Collazo Rodr\u00edguez, porque dichos se\u00f1alamientos se refieren a asuntos de naturaleza administrativa y laboral \u201cque descartan la intervenci\u00f3n de un asunto de naturaleza penal\u201d.<\/p>\n<p>El Informe del DJPR concluye, que no se encontr\u00f3 infracci\u00f3n a norma penal alguna en cuanto a las acciones del licenciado Collazo Rodr\u00edguez, por lo que, la entonces Secretaria Interina de Justicia, Carrau Mart\u00ednez, recomend\u00f3 que no se designe un FEI. \u201cEvaluada en su totalidad la informaci\u00f3n recopilada y la amplia investigaci\u00f3n realizada por el Departamento de Justicia, acogemos la recomendaci\u00f3n y ordenamos el archivo definitivo de este asunto, sin ulterior tr\u00e1mite\u201d, concluye el Panel en su Resoluci\u00f3n de 19 de enero de 2021.<\/p>","protected":false},"excerpt":{"rendered":"<p>Se hab\u00eda presentado una querella an\u00f3nima por alegado conflictos de inter\u00e9s. El Panel sobre el Fiscal Especial Independiente (PFEI) inform\u00f3 el martes que, tras acoger una recomendaci\u00f3n del Departamento de Justicia, no asignar\u00e1 un fiscal especial independiente para investigar una querella an\u00f3nima contra el administrador de los Sistemas de Retiro, Luis Collazo Rodr\u00edguez por alegaciones [&hellip;]<\/p>","protected":false},"author":0,"featured_media":429209,"comment_status":"closed","ping_status":"closed","sticky":false,"template":"","format":"standard","meta":{"_acf_changed":false,"_monsterinsights_skip_tracking":false,"ep_exclude_from_search":false,"footnotes":""},"categories":[2],"tags":[],"class_list":["post-156132","post","type-post","status-publish","format-standard","has-post-thumbnail","hentry","category-ultima-hora"],"acf":[],"aioseo_notices":[],"_links":{"self":[{"href":"https:\/\/noticel.com\/en\/wp-json\/wp\/v2\/posts\/156132","targetHints":{"allow":["GET"]}}],"collection":[{"href":"https:\/\/noticel.com\/en\/wp-json\/wp\/v2\/posts"}],"about":[{"href":"https:\/\/noticel.com\/en\/wp-json\/wp\/v2\/types\/post"}],"replies":[{"embeddable":true,"href":"https:\/\/noticel.com\/en\/wp-json\/wp\/v2\/comments?post=156132"}],"version-history":[{"count":1,"href":"https:\/\/noticel.com\/en\/wp-json\/wp\/v2\/posts\/156132\/revisions"}],"predecessor-version":[{"id":429211,"href":"https:\/\/noticel.com\/en\/wp-json\/wp\/v2\/posts\/156132\/revisions\/429211"}],"wp:featuredmedia":[{"embeddable":true,"href":"https:\/\/noticel.com\/en\/wp-json\/wp\/v2\/media\/429209"}],"wp:attachment":[{"href":"https:\/\/noticel.com\/en\/wp-json\/wp\/v2\/media?parent=156132"}],"wp:term":[{"taxonomy":"category","embeddable":true,"href":"https:\/\/noticel.com\/en\/wp-json\/wp\/v2\/categories?post=156132"},{"taxonomy":"post_tag","embeddable":true,"href":"https:\/\/noticel.com\/en\/wp-json\/wp\/v2\/tags?post=156132"}],"curies":[{"name":"wp","href":"https:\/\/api.w.org\/{rel}","templated":true}]}}