{"id":155929,"date":"2021-01-14T16:18:00","date_gmt":"2021-01-14T20:18:00","guid":{"rendered":"https:\/\/www.noticel.com\/ahora\/20210114\/secretario-de-estado-pide-retomar-la-discusion-de-la-despenalizacion-del-uso-de-la-marihuana-recreac\/"},"modified":"2025-07-16T10:06:42","modified_gmt":"2025-07-16T10:06:42","slug":"secretario-de-estado-pide-retomar-la-discusion-de-la-despenalizacion-del-uso-de-la-marihuana-recreac","status":"publish","type":"post","link":"https:\/\/noticel.com\/en\/ultima-hora\/20210114\/secretario-de-estado-pide-retomar-la-discusion-de-la-despenalizacion-del-uso-de-la-marihuana-recreac\/","title":{"rendered":"Secretario de Estado pide retomar la discusi\u00f3n de la despenalizaci\u00f3n del uso de la marihuana recreac"},"content":{"rendered":"<h3>Larry Seilhamer sostuvo que la Asamblea Legislativa debe volver a discutir este asunto.<\/h3>\n<p>El secretario de Estado, Larry Seilhamer Rodr\u00edguez, dijo este jueves en entrevista radial que es hora que la Asamblea Legislativa retome la discusi\u00f3n y an\u00e1lisis en torno a la despenalizaci\u00f3n del uso de la marihuana recreacional.<\/p>\n<p>\u201cMe parece bien interesante lo de despenalizar. Ese es un asunto que se ha conversado anteriormente a nivel de la Asamblea Legislativa\u201d, afirm\u00f3 Seilhamer Rodr\u00edguez en entrevista en Pegaos en la Ma\u00f1ana en Radio Isla con Julio Rivera Saniel.<\/p>\n<p>\u201cObviamente ten\u00eda ambas vertientes. Tambi\u00e9n era lo de legalizar. En t\u00e9rminos de despenalizar, el exsenador Miguel Pereira Castillo hab\u00eda radicado medidas a esos fines. Me parece que es un asunto que la Asamblea Legislativa puede retomar, evaluar y estudiar y creo que los tiempos ameritan que lo hagan\u201d, dijo el secretario de Estado.<\/p>\n<p>El exsenador Pereira Castillo ha sido de los pocos legisladores en Puerto Rico que ha respaldado despenalizar la posesi\u00f3n de marihuana en cantidades peque\u00f1as.<\/p>\n<p>Bajo la administraci\u00f3n del ahora exgobernador Alejandro Garc\u00eda Padilla, Pereira Castillo respald\u00f3 enmendar la Ley de Sustancias Controladas para no penalizar con multa o c\u00e1rcel el consumo de marihuana.<\/p>\n<p>El tambi\u00e9n exsecretario de Correcci\u00f3n y Rehabilitaci\u00f3n y exsuperintendente de la Polic\u00eda expres\u00f3 hace a\u00f1os que encarcelar a personas por poseer peque\u00f1as cantidades de marihuana es \u201cdestruirlas\u201d.<\/p>\n<p>Bajo la gobernaci\u00f3n de Garc\u00eda Padilla, Pereira Castillo present\u00f3 el Proyecto del Senado 517, para despenalizar la tenencia de marihuana en cantidades peque\u00f1as. La medida se aprob\u00f3 en el Senado en noviembre de 2013, pero la C\u00e1mara de Representantes no dio su apoyo a la medida.<\/p>","protected":false},"excerpt":{"rendered":"<p>Larry Seilhamer sostuvo que la Asamblea Legislativa debe volver a discutir este asunto. El secretario de Estado, Larry Seilhamer Rodr\u00edguez, dijo este jueves en entrevista radial que es hora que la Asamblea Legislativa retome la discusi\u00f3n y an\u00e1lisis en torno a la despenalizaci\u00f3n del uso de la marihuana recreacional. \u201cMe parece bien interesante lo de [&hellip;]<\/p>","protected":false},"author":0,"featured_media":430971,"comment_status":"closed","ping_status":"closed","sticky":false,"template":"","format":"standard","meta":{"_acf_changed":false,"_monsterinsights_skip_tracking":false,"ep_exclude_from_search":false,"footnotes":""},"categories":[2],"tags":[],"class_list":["post-155929","post","type-post","status-publish","format-standard","has-post-thumbnail","hentry","category-ultima-hora"],"acf":[],"aioseo_notices":[],"_links":{"self":[{"href":"https:\/\/noticel.com\/en\/wp-json\/wp\/v2\/posts\/155929","targetHints":{"allow":["GET"]}}],"collection":[{"href":"https:\/\/noticel.com\/en\/wp-json\/wp\/v2\/posts"}],"about":[{"href":"https:\/\/noticel.com\/en\/wp-json\/wp\/v2\/types\/post"}],"replies":[{"embeddable":true,"href":"https:\/\/noticel.com\/en\/wp-json\/wp\/v2\/comments?post=155929"}],"version-history":[{"count":1,"href":"https:\/\/noticel.com\/en\/wp-json\/wp\/v2\/posts\/155929\/revisions"}],"predecessor-version":[{"id":430973,"href":"https:\/\/noticel.com\/en\/wp-json\/wp\/v2\/posts\/155929\/revisions\/430973"}],"wp:featuredmedia":[{"embeddable":true,"href":"https:\/\/noticel.com\/en\/wp-json\/wp\/v2\/media\/430971"}],"wp:attachment":[{"href":"https:\/\/noticel.com\/en\/wp-json\/wp\/v2\/media?parent=155929"}],"wp:term":[{"taxonomy":"category","embeddable":true,"href":"https:\/\/noticel.com\/en\/wp-json\/wp\/v2\/categories?post=155929"},{"taxonomy":"post_tag","embeddable":true,"href":"https:\/\/noticel.com\/en\/wp-json\/wp\/v2\/tags?post=155929"}],"curies":[{"name":"wp","href":"https:\/\/api.w.org\/{rel}","templated":true}]}}