{"id":154808,"date":"2020-12-18T11:47:00","date_gmt":"2020-12-18T15:47:00","guid":{"rendered":"https:\/\/www.noticel.com\/ahora\/top-stories\/tribunales\/20201218\/presentan-cargos-por-asesinato-al-matrimonio-que-mato-a-su-hijo-de-dos-anos-en-humacao\/"},"modified":"2025-07-16T11:55:19","modified_gmt":"2025-07-16T11:55:19","slug":"presentan-cargos-por-asesinato-al-matrimonio-que-mato-a-su-hijo-de-dos-anos-en-humacao","status":"publish","type":"post","link":"https:\/\/noticel.com\/en\/ultima-hora\/20201218\/presentan-cargos-por-asesinato-al-matrimonio-que-mato-a-su-hijo-de-dos-anos-en-humacao\/","title":{"rendered":"Presentan cargos por asesinato al matrimonio que mat\u00f3 a su hijo de dos a\u00f1os en Humacao"},"content":{"rendered":"<h3>Se les impuso una fianza global de un mill\u00f3n y medio de d\u00f3lares a cada uno.<\/h3>\n<p>La secretaria interina de Justicia, In\u00e9s Carrau Mart\u00ednez, y el fiscal de Distrito de Humacao, Miguel Garc\u00eda Rodr\u00edguez, presentaron cargos contra Leslie Pag\u00e1n D\u00edaz, de 25 a\u00f1os, y Jos\u00e9 E. Santiago Maym\u00ed, de 31 a\u00f1os, por la muerte del ni\u00f1o Dylan Caleb Vega Pag\u00e1n, de dos a\u00f1os, en hechos ocurridos entre los meses de julio y septiembre de 2020 en Humacao.<\/p>\n<p>Los fiscales Pedro Anca V\u00e9lez y Janitza Alsina Rivera trabajaron la investigaci\u00f3n junto a la agente Aracelis Aponte Serrano, placa 33751, adscrita a la Divisi\u00f3n de Homicidios del Cuerpo de Investigaciones Criminales de Humacao.<\/p>\n<p>De la investigaci\u00f3n realizada se desprende que, el menor Dylan Caleb Vega Pag\u00e1n, quien ten\u00eda dos a\u00f1os, fue v\u00edctima de un patr\u00f3n de maltrato que le provoc\u00f3 la muerte. Adem\u00e1s, luego de la muerte del menor, ambos imputados dispusieron del cuerpo del ni\u00f1o dejando el mismo abandonado, sin notificar a las autoridades, a orillas del r\u00edo Patagonia de Humacao, donde fue hallada su osamenta el 21 de septiembre de 2020 por agentes de la Divisi\u00f3n de Homicidios de Humacao.<\/p><div class=\"notic-content-middle\" id=\"notic-1390370261\"><div class=\"notic-adlabel\">Advertisements<\/div><a data-no-instant=\"1\" href=\"https:\/\/www.asegurate-bien.com\/\" rel=\"noopener\" class=\"a2t-link\" target=\"_blank\" aria-label=\"Acodese-Adaptaciones-Noticel-300&#215;250\"><img loading=\"lazy\" decoding=\"async\" src=\"https:\/\/cdn.noticel.com\/2026\/05\/30094423\/Acodese-Adaptaciones-Noticel-300x250-1.jpg\" alt=\"\"  srcset=\"https:\/\/cdn.noticel.com\/2026\/05\/30094423\/Acodese-Adaptaciones-Noticel-300x250-1.jpg 300w, https:\/\/cdn.noticel.com\/2026\/05\/30094423\/Acodese-Adaptaciones-Noticel-300x250-1-14x12.jpg 14w\" sizes=\"(max-width: 300px) 100vw, 300px\" width=\"300\" height=\"250\"   \/><\/a><\/div>\n<p>A Pag\u00e1n D\u00edaz y a Santiago Maym\u00ed se le radicaron cargos por violaci\u00f3n a los Art\u00edculos 93 Asesinato y 285 Destrucci\u00f3n de Pruebas del C\u00f3digo Penal; y por violaci\u00f3n al Art\u00edculo 59 (Maltrato) de la Ley 246-2011, seg\u00fan enmendada, conocida como \u201cLey para la Seguridad, Bienestar y Protecci\u00f3n de Menores\u201d.<\/p>\n<p>La jueza Enid Cristina Rivera Garc\u00eda, del Tribunal de Humacao, determin\u00f3 causa probable en los cargos presentados e impuso una fianza global de $1,500,00 a cada uno de los imputados, la cual no prestaron, siendo ingresados.<\/p>\n<p>La vista preliminar fue se\u00f1alada para el 30 de diciembre de 2020.<\/p>","protected":false},"excerpt":{"rendered":"<p>Se les impuso una fianza global de un mill\u00f3n y medio de d\u00f3lares a cada uno. La secretaria interina de Justicia, In\u00e9s Carrau Mart\u00ednez, y el fiscal de Distrito de Humacao, Miguel Garc\u00eda Rodr\u00edguez, presentaron cargos contra Leslie Pag\u00e1n D\u00edaz, de 25 a\u00f1os, y Jos\u00e9 E. Santiago Maym\u00ed, de 31 a\u00f1os, por la muerte del [&hellip;]<\/p>","protected":false},"author":0,"featured_media":438984,"comment_status":"closed","ping_status":"closed","sticky":false,"template":"","format":"standard","meta":{"_acf_changed":false,"_monsterinsights_skip_tracking":false,"ep_exclude_from_search":false,"footnotes":""},"categories":[13,2],"tags":[],"class_list":["post-154808","post","type-post","status-publish","format-standard","has-post-thumbnail","hentry","category-tribunales","category-ultima-hora"],"acf":[],"aioseo_notices":[],"_links":{"self":[{"href":"https:\/\/noticel.com\/en\/wp-json\/wp\/v2\/posts\/154808","targetHints":{"allow":["GET"]}}],"collection":[{"href":"https:\/\/noticel.com\/en\/wp-json\/wp\/v2\/posts"}],"about":[{"href":"https:\/\/noticel.com\/en\/wp-json\/wp\/v2\/types\/post"}],"replies":[{"embeddable":true,"href":"https:\/\/noticel.com\/en\/wp-json\/wp\/v2\/comments?post=154808"}],"version-history":[{"count":1,"href":"https:\/\/noticel.com\/en\/wp-json\/wp\/v2\/posts\/154808\/revisions"}],"predecessor-version":[{"id":438989,"href":"https:\/\/noticel.com\/en\/wp-json\/wp\/v2\/posts\/154808\/revisions\/438989"}],"wp:featuredmedia":[{"embeddable":true,"href":"https:\/\/noticel.com\/en\/wp-json\/wp\/v2\/media\/438984"}],"wp:attachment":[{"href":"https:\/\/noticel.com\/en\/wp-json\/wp\/v2\/media?parent=154808"}],"wp:term":[{"taxonomy":"category","embeddable":true,"href":"https:\/\/noticel.com\/en\/wp-json\/wp\/v2\/categories?post=154808"},{"taxonomy":"post_tag","embeddable":true,"href":"https:\/\/noticel.com\/en\/wp-json\/wp\/v2\/tags?post=154808"}],"curies":[{"name":"wp","href":"https:\/\/api.w.org\/{rel}","templated":true}]}}