{"id":154434,"date":"2020-12-10T12:52:00","date_gmt":"2020-12-10T16:52:00","guid":{"rendered":"https:\/\/www.noticel.com\/ahora\/educacion\/20201210\/una-mujer-egresada-de-la-inter-fue-la-puntuacion-mas-alta-de-revalida-de-derecho-en-puerto-rico\/"},"modified":"2025-07-16T12:32:49","modified_gmt":"2025-07-16T12:32:49","slug":"una-mujer-egresada-de-la-inter-fue-la-puntuacion-mas-alta-de-revalida-de-derecho-en-puerto-rico","status":"publish","type":"post","link":"https:\/\/noticel.com\/en\/ultima-hora\/20201210\/una-mujer-egresada-de-la-inter-fue-la-puntuacion-mas-alta-de-revalida-de-derecho-en-puerto-rico\/","title":{"rendered":"Una mujer egresada de la Inter fue la puntuaci\u00f3n m\u00e1s alta de rev\u00e1lida de Derecho en Puerto Rico"},"content":{"rendered":"<h3>Pamela Arvelo Camacho fue recibida por el presidente de la instituci\u00f3n educativa, Manuel J. Fern\u00f3s.<\/h3>\n<p>La puntuaci\u00f3n m\u00e1s alta de la rev\u00e1lida de Derecho de Puerto Rico instruida en septiembre fue de una mujer: Pamela Arvelo Camacho.<\/p>\n<p>Arvelo Camacho es egresada de la Facultad de Derecho de la Universidad Interamericana de Puerto Rico y se gradu\u00f3 en diciembre de 2019, donde obtuvo el grado de Juris Doctor Cum Laude.<\/p>\n<p>Adem\u00e1s, cuenta con una concentraci\u00f3n en Derecho Civil y durante sus estudios en la Facultad de Derecho, particip\u00f3 en el Programa de Verano en la Universidad Complutense de Madrid y llevo a cabo internados en el Centro Judicial de San Juan, la Oficina de Administraci\u00f3n de Tribunales y Oficina de Servicios Legales.<\/p>\n<p>\u201cCon constancia, sacrificios, esfuerzos y dedicaci\u00f3n nuestra egresada, Pamela Arvelo logr\u00f3 completar el grado Juris Doctor y sobre salir hasta ser la puntuaci\u00f3n m\u00e1s alta.  Pamela es orgullo de la Universidad Interamericana de Puerto Rico.  Ella escogi\u00f3 la Facultad de Derecho de la Inter y transform\u00f3 sus metas en realidad. Le extendemos nuestra mayor felicitaci\u00f3n y deseos de \u00e9xitos en su futuro profesional\u201d, dijo el presidente de la INTER, licenciado Manuel J. Fern\u00f3s.<\/p>\n<p>\u201cLa Facultad de Derecho de la Universidad Interamericana se honra al contar con estudiantes que a trav\u00e9s de los a\u00f1os, ostentan tal distinci\u00f3n.  Los estudiantes de excelencia como Pamela, son de gran orgullo.  Adem\u00e1s de sus logros acad\u00e9micos, son ejemplo de liderato, persistencia, consistencia y excelencia.  Nuestra felicitaci\u00f3n para Pamela y para todos nuestros estudiantes y egresados que lograron revalidar.  Seguimos hacia adelante en nuestra Facultad de Derecho\u201d, expres\u00f3 por su parte el decano de la Facultad de Derecho, doctor Julio Fontanet.<\/p>","protected":false},"excerpt":{"rendered":"<p>Pamela Arvelo Camacho fue recibida por el presidente de la instituci\u00f3n educativa, Manuel J. Fern\u00f3s. La puntuaci\u00f3n m\u00e1s alta de la rev\u00e1lida de Derecho de Puerto Rico instruida en septiembre fue de una mujer: Pamela Arvelo Camacho. Arvelo Camacho es egresada de la Facultad de Derecho de la Universidad Interamericana de Puerto Rico y se [&hellip;]<\/p>","protected":false},"author":0,"featured_media":441526,"comment_status":"closed","ping_status":"closed","sticky":false,"template":"","format":"standard","meta":{"_acf_changed":false,"_monsterinsights_skip_tracking":false,"ep_exclude_from_search":false,"footnotes":""},"categories":[2],"tags":[],"class_list":["post-154434","post","type-post","status-publish","format-standard","has-post-thumbnail","hentry","category-ultima-hora"],"acf":[],"aioseo_notices":[],"_links":{"self":[{"href":"https:\/\/noticel.com\/en\/wp-json\/wp\/v2\/posts\/154434","targetHints":{"allow":["GET"]}}],"collection":[{"href":"https:\/\/noticel.com\/en\/wp-json\/wp\/v2\/posts"}],"about":[{"href":"https:\/\/noticel.com\/en\/wp-json\/wp\/v2\/types\/post"}],"replies":[{"embeddable":true,"href":"https:\/\/noticel.com\/en\/wp-json\/wp\/v2\/comments?post=154434"}],"version-history":[{"count":1,"href":"https:\/\/noticel.com\/en\/wp-json\/wp\/v2\/posts\/154434\/revisions"}],"predecessor-version":[{"id":441533,"href":"https:\/\/noticel.com\/en\/wp-json\/wp\/v2\/posts\/154434\/revisions\/441533"}],"wp:featuredmedia":[{"embeddable":true,"href":"https:\/\/noticel.com\/en\/wp-json\/wp\/v2\/media\/441526"}],"wp:attachment":[{"href":"https:\/\/noticel.com\/en\/wp-json\/wp\/v2\/media?parent=154434"}],"wp:term":[{"taxonomy":"category","embeddable":true,"href":"https:\/\/noticel.com\/en\/wp-json\/wp\/v2\/categories?post=154434"},{"taxonomy":"post_tag","embeddable":true,"href":"https:\/\/noticel.com\/en\/wp-json\/wp\/v2\/tags?post=154434"}],"curies":[{"name":"wp","href":"https:\/\/api.w.org\/{rel}","templated":true}]}}