{"id":15422,"date":"2012-06-19T00:00:00","date_gmt":"2012-06-19T04:00:00","guid":{"rendered":"http:\/\/www.noticel.com\/vida\/20120619\/gestiones-para-incluir-al-coqui-llanero-en-lista-peligro-extincion\/"},"modified":"2025-07-16T22:49:58","modified_gmt":"2025-07-16T22:49:58","slug":"gestiones-para-incluir-al-coqui-llanero-en-lista-peligro-extincion","status":"publish","type":"post","link":"https:\/\/noticel.com\/en\/vida-y-bienestar\/20120619\/gestiones-para-incluir-al-coqui-llanero-en-lista-peligro-extincion\/","title":{"rendered":"Gestiones para incluir al coqu\u00ed llanero en lista peligro extinci\u00f3n"},"content":{"rendered":"<p>El presidente de la Comisi\u00f3n de Recursos Naturales, Ambiente y Energ\u00eda de la C\u00e1mara de Representantes, Eric Correa Rivera, anunci\u00f3 el lunes en la ma\u00f1ana el comienzo de gestiones oficiales para designar al coqu\u00ed llanero en la lista de especies en peligro de extinci\u00f3n.<\/p>\n<p>&#8216;En el d\u00eda de hoy realizaremos una comunicaci\u00f3n formal al Servicio Federal de Pesca y Vida Silvestre (FWS, por sus siglas en ingl\u00e9s), as\u00ed como varias agencias del gobierno local, para que finalmente se designe como h\u00e1bitat cr\u00edtico unos 615 acres de un humedal localizado en el sector de Sabana Seca, en Toa Baja, y donde vive el coqu\u00ed llanero. Esta \u00e1rea es vital para la supervivencia de esta ranita ind\u00edgena de la Isla&#8217;, indic\u00f3 Correa Rivera en comunicado de prensa.<\/p>\n<p>El pasado mes, el servicio de pesca y vida silvestre emiti\u00f3 un reporte en donde se determin\u00f3 que la designaci\u00f3n del h\u00e1bitat cr\u00edtico en Toa Baja no tendr\u00e1 un impacto econ\u00f3mico adverso a cualquier actividad en la zona.<\/p><div class=\"notic-content-middle\" id=\"notic-4195656002\"><div class=\"notic-adlabel\">Advertisements<\/div><a data-no-instant=\"1\" href=\"https:\/\/www.cst.pr.gov\/\" rel=\"noopener\" class=\"a2t-link\" target=\"_blank\" aria-label=\"970&#215;90\"><img loading=\"lazy\" decoding=\"async\" src=\"https:\/\/cdn.noticel.com\/2026\/09\/02204026\/970x90-1.jpg\" alt=\"\"  srcset=\"https:\/\/cdn.noticel.com\/2026\/09\/02204026\/970x90-1.jpg 970w, https:\/\/cdn.noticel.com\/2026\/09\/02204026\/970x90-1-300x28.jpg 300w, https:\/\/cdn.noticel.com\/2026\/09\/02204026\/970x90-1-768x71.jpg 768w, https:\/\/cdn.noticel.com\/2026\/09\/02204026\/970x90-1-18x2.jpg 18w\" sizes=\"(max-width: 970px) 100vw, 970px\" width=\"970\" height=\"90\"   \/><\/a><\/div>\n<p>Correa Rivera, quien representa el distrito n\u00famero 38, el cual comprende las zonas rurales de Carolina, Trujillo Alto, as\u00ed como el \u00e1rea urbana de Can\u00f3vanas, enviar\u00e1 durante el d\u00eda de hoy sendas misivas al FWS, el Departamento de la Defensa, y entidades gubernamental de la Isla como lo son la Junta de Calidad Ambiental y el Departamento de Recursos Naturales y Ambientales.<\/p>\n<p>El nombre oficial del coqu\u00ed llanero es Eleutherodactylus Juanariveroi, en honor al fundador del zool\u00f3gico de Puerto Rico, Juan A. Rivero. La especie fue descubierta en noviembre del 2004 por el herpet\u00f3logo Neftal\u00ed R\u00edos.<\/p>\n<p>&#8216;Seg\u00fan los estudios realizados por el servicio de pesca, en esa regi\u00f3n de Toa Baja residen 192 coqu\u00eds llaneros por acre. Esta es la \u00fanica zona donde esta singular forma de vida se ha descubierto por eso la importancia de preservar la misma. Hablaremos tambi\u00e9n con el alcalde, An\u00edbal Vega Borges, quien es un defensor de nuestra cultura, para analizar como podemos salvar esta especia&#8217;, a\u00f1adi\u00f3 Correa Rivera.<\/p>","protected":false},"excerpt":{"rendered":"<p>El presidente de la Comisi\u00f3n de Recursos Naturales, Ambiente y Energ\u00eda de la C\u00e1mara de Representantes, Eric Correa Rivera, anunci\u00f3 el lunes en la ma\u00f1ana el comienzo de gestiones oficiales para designar al coqu\u00ed llanero en la lista de especies en peligro de extinci\u00f3n. &#8216;En el d\u00eda de hoy realizaremos una comunicaci\u00f3n formal al Servicio [&hellip;]<\/p>","protected":false},"author":0,"featured_media":479487,"comment_status":"closed","ping_status":"closed","sticky":false,"template":"","format":"standard","meta":{"_acf_changed":false,"_monsterinsights_skip_tracking":false,"ep_exclude_from_search":false,"footnotes":""},"categories":[69],"tags":[],"class_list":["post-15422","post","type-post","status-publish","format-standard","has-post-thumbnail","hentry","category-vida-y-bienestar"],"acf":[],"aioseo_notices":[],"_links":{"self":[{"href":"https:\/\/noticel.com\/en\/wp-json\/wp\/v2\/posts\/15422","targetHints":{"allow":["GET"]}}],"collection":[{"href":"https:\/\/noticel.com\/en\/wp-json\/wp\/v2\/posts"}],"about":[{"href":"https:\/\/noticel.com\/en\/wp-json\/wp\/v2\/types\/post"}],"replies":[{"embeddable":true,"href":"https:\/\/noticel.com\/en\/wp-json\/wp\/v2\/comments?post=15422"}],"version-history":[{"count":1,"href":"https:\/\/noticel.com\/en\/wp-json\/wp\/v2\/posts\/15422\/revisions"}],"predecessor-version":[{"id":479489,"href":"https:\/\/noticel.com\/en\/wp-json\/wp\/v2\/posts\/15422\/revisions\/479489"}],"wp:featuredmedia":[{"embeddable":true,"href":"https:\/\/noticel.com\/en\/wp-json\/wp\/v2\/media\/479487"}],"wp:attachment":[{"href":"https:\/\/noticel.com\/en\/wp-json\/wp\/v2\/media?parent=15422"}],"wp:term":[{"taxonomy":"category","embeddable":true,"href":"https:\/\/noticel.com\/en\/wp-json\/wp\/v2\/categories?post=15422"},{"taxonomy":"post_tag","embeddable":true,"href":"https:\/\/noticel.com\/en\/wp-json\/wp\/v2\/tags?post=15422"}],"curies":[{"name":"wp","href":"https:\/\/api.w.org\/{rel}","templated":true}]}}