{"id":153984,"date":"2020-11-30T19:31:00","date_gmt":"2020-11-30T23:31:00","guid":{"rendered":"https:\/\/www.noticel.com\/la-calle\/policiacas\/20201130\/hombre-muere-electrocutado-mientras-realizaba-sus-labores\/"},"modified":"2025-07-16T13:16:42","modified_gmt":"2025-07-16T13:16:42","slug":"hombre-muere-electrocutado-mientras-realizaba-sus-labores","status":"publish","type":"post","link":"https:\/\/noticel.com\/en\/noticias\/la-calle\/20201130\/hombre-muere-electrocutado-mientras-realizaba-sus-labores\/","title":{"rendered":"Hombre muere electrocutado mientras realizaba sus labores"},"content":{"rendered":"<h3>El lamentable suceso ocurri\u00f3 esta tarde en Bayam\u00f3n.<\/h3>\n<p>Una persona muerta (electrocutado), fue reportada en la tarde de hoy en el Centro de Vacunaci\u00f3n ubicado en la carretera #2, marginal Santa Cruz en Bayam\u00f3n.<\/p>\n<p>Surge de la informaci\u00f3n preliminar que, se recibi\u00f3 una llamada mediante el Sistema 911, alertando de una persona muerta (electrocutado), al llegar las autoridades encuentran el cuerpo de Luis M\u00e9ndez Olivera de 38 a\u00f1os residente de Guaynabo, el cual falleci\u00f3 en el mencionado lugar al recibir una descarga el\u00e9ctrica mientras realizaba unas labores.<\/p>\n<p>El agente Gabriel Rivera adscrito al Precinto de Bayam\u00f3n Norte junto al agente Torres de la Divisi\u00f3n de Homicidios del Cuerpo de Investigaciones Criminales de Bayam\u00f3n y el fiscal Mateos se hicieron cargo de la investigaci\u00f3n.<\/p>","protected":false},"excerpt":{"rendered":"<p>El lamentable suceso ocurri\u00f3 esta tarde en Bayam\u00f3n. Una persona muerta (electrocutado), fue reportada en la tarde de hoy en el Centro de Vacunaci\u00f3n ubicado en la carretera #2, marginal Santa Cruz en Bayam\u00f3n. Surge de la informaci\u00f3n preliminar que, se recibi\u00f3 una llamada mediante el Sistema 911, alertando de una persona muerta (electrocutado), al [&hellip;]<\/p>","protected":false},"author":0,"featured_media":444873,"comment_status":"closed","ping_status":"closed","sticky":false,"template":"","format":"standard","meta":{"_acf_changed":false,"_monsterinsights_skip_tracking":false,"ep_exclude_from_search":false,"footnotes":""},"categories":[12,15],"tags":[],"class_list":["post-153984","post","type-post","status-publish","format-standard","has-post-thumbnail","hentry","category-la-calle","category-policiacas"],"acf":[],"aioseo_notices":[],"_links":{"self":[{"href":"https:\/\/noticel.com\/en\/wp-json\/wp\/v2\/posts\/153984","targetHints":{"allow":["GET"]}}],"collection":[{"href":"https:\/\/noticel.com\/en\/wp-json\/wp\/v2\/posts"}],"about":[{"href":"https:\/\/noticel.com\/en\/wp-json\/wp\/v2\/types\/post"}],"replies":[{"embeddable":true,"href":"https:\/\/noticel.com\/en\/wp-json\/wp\/v2\/comments?post=153984"}],"version-history":[{"count":1,"href":"https:\/\/noticel.com\/en\/wp-json\/wp\/v2\/posts\/153984\/revisions"}],"predecessor-version":[{"id":444876,"href":"https:\/\/noticel.com\/en\/wp-json\/wp\/v2\/posts\/153984\/revisions\/444876"}],"wp:featuredmedia":[{"embeddable":true,"href":"https:\/\/noticel.com\/en\/wp-json\/wp\/v2\/media\/444873"}],"wp:attachment":[{"href":"https:\/\/noticel.com\/en\/wp-json\/wp\/v2\/media?parent=153984"}],"wp:term":[{"taxonomy":"category","embeddable":true,"href":"https:\/\/noticel.com\/en\/wp-json\/wp\/v2\/categories?post=153984"},{"taxonomy":"post_tag","embeddable":true,"href":"https:\/\/noticel.com\/en\/wp-json\/wp\/v2\/tags?post=153984"}],"curies":[{"name":"wp","href":"https:\/\/api.w.org\/{rel}","templated":true}]}}