{"id":15382,"date":"2012-02-18T00:00:00","date_gmt":"2012-02-18T04:00:00","guid":{"rendered":"http:\/\/www.noticel.com\/ahora\/20120218\/explican-beneficios-de-nueva-escuela-de-justicia-criminal\/"},"modified":"2025-07-16T22:53:01","modified_gmt":"2025-07-16T22:53:01","slug":"explican-beneficios-de-nueva-escuela-de-justicia-criminal","status":"publish","type":"post","link":"https:\/\/noticel.com\/en\/ultima-hora\/20120218\/explican-beneficios-de-nueva-escuela-de-justicia-criminal\/","title":{"rendered":"Explican beneficios de nueva escuela de Justicia Criminal"},"content":{"rendered":"<p>Estudiantes del curso de Ciencias Forenses de la Bayamon Military Academy tuvieron la oportunidad de ser part\u00edcipes de un conversatorio dirigido por el representante Jos\u00e9 Enrique Mel\u00e9ndez sobre el nuevo proyecto de ley que establecer\u00e1 la primera Escuela Superior Especializada en Justicia Criminal, en Puerto Rico.<\/p>\n<p>Mel\u00e9ndez, invitado por alumnos y administraci\u00f3n escolar, se\u00f1al\u00f3 que el proyecto fue creado por la C\u00e1mara 3632 con el fin de que j\u00f3venes que en un futuro aspiren puestos policiacos, p\u00fablicos, judiciales y forenses logren obtener una base educativa sobre la seguridad p\u00fablica y justicia criminal desde el nivel de escuela superior.<\/p>\n<p>&#8216;Un area de especializaci\u00f3n que en la actualidad no est\u00e1 atendida a nivel de las escuelas p\u00fablicas es la materia de justicia criminal, a pesar de la gran importancia que tienen las profesiones derivadas a su estudio como polic\u00edas, investigadores, cient\u00edficos forenses y abogados, ofrecer esta alternativa no solo beneficia a nuestros estudiantes, nos beneficia a todos&#8217;, indic\u00f3 Mel\u00e9ndez.<\/p>\n<p>Como parte de los beneficios que brindar\u00e1 la escuela especializada ser\u00e1 identificar el talento de estudiantes destacados en su area con el pr\u00f3posito de capacitarlos para el mejoramiento del sistema de justicia criminal y el desarrollo integral del pa\u00eds.<\/p><div class=\"notic-content-middle\" id=\"notic-3654343212\"><div class=\"notic-adlabel\">Advertisements<\/div><a data-no-instant=\"1\" href=\"https:\/\/qrco.de\/bgxd5v\" rel=\"noopener\" class=\"a2t-link\" target=\"_blank\" aria-label=\"DisplayAd-728&#215;903\"><img loading=\"lazy\" decoding=\"async\" src=\"https:\/\/cdn.noticel.com\/2026\/08\/11174955\/DisplayAd-728x903-1.jpg\" alt=\"\"  srcset=\"https:\/\/cdn.noticel.com\/2026\/08\/11174955\/DisplayAd-728x903-1.jpg 728w, https:\/\/cdn.noticel.com\/2026\/08\/11174955\/DisplayAd-728x903-1-300x37.jpg 300w, https:\/\/cdn.noticel.com\/2026\/08\/11174955\/DisplayAd-728x903-1-18x2.jpg 18w\" sizes=\"(max-width: 728px) 100vw, 728px\" width=\"728\" height=\"90\"   \/><\/a><\/div>\n<p>No obstante, a pesar de que a\u00fan la instituci\u00f3n se encuentra en planificaci\u00f3n, el representante indic\u00f3 el orgullo que siente al saber que actualmente existe una escuela privada que ofrece un curso en Ciencias Forenses dentro de su curr\u00edculo de electivas, lo que en efecto ha conllevado a que muchos j\u00f3venes prosigan carreras relacionadas a la seguridad p\u00fablica.<\/p>\n<p>Por su parte, el director docente de nivel secundario, Daniel Sierra Mill\u00e1n, a\u00f1adi\u00f3 que &#8216;es importante continuar aunando esfuerzos por el bienestar y desarrollo de nuestros estudiantes. De esta manera, nuestra Academia puede servir de enlace o apoyo para ayudar a desarrollar el curso en otros lugares, sean \u00e9stos municipios u otras agencias.&#8217;<\/p>\n<p>&#8216;Toda recomendaci\u00f3n que ayude al desarrollo de la escuela especializada es bienvenida. Esta invitaci\u00f3n por parte de los estudiantes para discutir detalles que actualmente imparte el colegio y de buscar la manera de aportar para que el proyecto sea una realidad, es muestra de que Puerto Rico tiene j\u00f3venes comprometidos, primero con mejorar nuestro sistema de justicia y segundo, con servir a su patria, ya sea como polic\u00eda, fiscal, abogado o perito forense&#8217;, concluy\u00f3 Mel\u00e9ndez.<\/p>","protected":false},"excerpt":{"rendered":"<p>Estudiantes del curso de Ciencias Forenses de la Bayamon Military Academy tuvieron la oportunidad de ser part\u00edcipes de un conversatorio dirigido por el representante Jos\u00e9 Enrique Mel\u00e9ndez sobre el nuevo proyecto de ley que establecer\u00e1 la primera Escuela Superior Especializada en Justicia Criminal, en Puerto Rico. Mel\u00e9ndez, invitado por alumnos y administraci\u00f3n escolar, se\u00f1al\u00f3 que [&hellip;]<\/p>","protected":false},"author":0,"featured_media":479645,"comment_status":"closed","ping_status":"closed","sticky":false,"template":"","format":"standard","meta":{"_acf_changed":false,"_monsterinsights_skip_tracking":false,"ep_exclude_from_search":false,"footnotes":""},"categories":[2],"tags":[],"class_list":["post-15382","post","type-post","status-publish","format-standard","has-post-thumbnail","hentry","category-ultima-hora"],"acf":[],"aioseo_notices":[],"_links":{"self":[{"href":"https:\/\/noticel.com\/en\/wp-json\/wp\/v2\/posts\/15382","targetHints":{"allow":["GET"]}}],"collection":[{"href":"https:\/\/noticel.com\/en\/wp-json\/wp\/v2\/posts"}],"about":[{"href":"https:\/\/noticel.com\/en\/wp-json\/wp\/v2\/types\/post"}],"replies":[{"embeddable":true,"href":"https:\/\/noticel.com\/en\/wp-json\/wp\/v2\/comments?post=15382"}],"version-history":[{"count":1,"href":"https:\/\/noticel.com\/en\/wp-json\/wp\/v2\/posts\/15382\/revisions"}],"predecessor-version":[{"id":479646,"href":"https:\/\/noticel.com\/en\/wp-json\/wp\/v2\/posts\/15382\/revisions\/479646"}],"wp:featuredmedia":[{"embeddable":true,"href":"https:\/\/noticel.com\/en\/wp-json\/wp\/v2\/media\/479645"}],"wp:attachment":[{"href":"https:\/\/noticel.com\/en\/wp-json\/wp\/v2\/media?parent=15382"}],"wp:term":[{"taxonomy":"category","embeddable":true,"href":"https:\/\/noticel.com\/en\/wp-json\/wp\/v2\/categories?post=15382"},{"taxonomy":"post_tag","embeddable":true,"href":"https:\/\/noticel.com\/en\/wp-json\/wp\/v2\/tags?post=15382"}],"curies":[{"name":"wp","href":"https:\/\/api.w.org\/{rel}","templated":true}]}}