{"id":153746,"date":"2020-11-24T11:58:00","date_gmt":"2020-11-24T15:58:00","guid":{"rendered":"https:\/\/www.noticel.com\/ahora\/gobierno\/20201124\/angel-perez-es-el-nuevo-presidente-de-la-federacion-de-alcaldes\/"},"modified":"2025-07-16T13:37:54","modified_gmt":"2025-07-16T13:37:54","slug":"angel-perez-es-el-nuevo-presidente-de-la-federacion-de-alcaldes","status":"publish","type":"post","link":"https:\/\/noticel.com\/en\/ultima-hora\/20201124\/angel-perez-es-el-nuevo-presidente-de-la-federacion-de-alcaldes\/","title":{"rendered":"\u00c1ngel P\u00e9rez es el nuevo presidente de la Federaci\u00f3n de Alcaldes"},"content":{"rendered":"<h3>La votaci\u00f3n fue 24-10 a su favor.<\/h3>\n<p>Con 24 de 34 votos a favor, el alcalde de Guaynabo, \u00c1ngel P\u00e9rez Otero, gan\u00f3 la presidencia de la Federaci\u00f3n de Alcaldes del Partido Nuevo Progresista (PNP).<\/p>\n<p>\u201cAhora comenzamos un nuevo cuatrienio, un cuatrienio de alianzas (\u2026) no va a ser un cuatrienio f\u00e1cil, y por eso yo di este paso adelante, porque reconozco la situaci\u00f3n de los municipios\u201d, expuso P\u00e9rez Otero tras ser electo.<\/p>\n<p>El nuevo Presidente plante\u00f3 tambi\u00e9n que los alcaldes se tienen que enfocar en el bien de los municipios, m\u00e1s all\u00e1 de las l\u00edneas partidistas.<\/p>\n<p>\u201cEn ocasiones a nosotros como alcaldes se nos olvida que nosotros somos la fuerza de este pa\u00eds. No solo los PNP, pero los 78 alcaldes somos los que levantamos este pa\u00eds\u201d, dijo P\u00e9rez. \u201cQue la gente vea que m\u00e1s all\u00e1 de l\u00edneas partidistas, el fin de nosotros es trabajar para nuestros municipios\u201d, a\u00f1adi\u00f3.<\/p>\n<p>En su plan de trabajo tiene como prioridad el aspecto financiero de los municipios y buscar alianzas y fondos para fortalecerlos. \u201cLos municipios y el pa\u00eds est\u00e1n viviendo una crisis econ\u00f3mica, y hay que trabajar para cambiar eso\u201d, dijo el Ejecutivo Municipal.<\/p>\n<p>Orlando Ort\u00edz,  alcalde de Naranjito, tambi\u00e9n buscaba la posici\u00f3n de la presidencia.  \u201cEsto no era una competencia, era un proceso para fortalecer este organismo\u201d, dijo al respecto Ort\u00edz.<\/p>\n<p>La Federaci\u00f3n tambi\u00e9n cuenta con nuevos vicepresidentes, que son: el alcalde de Las Piedras, Miguel L\u00f3pez; la nueva alcaldesa de Vega Alta, Mar\u00eda Vega; y el alcalde de Camuy, Gabriel Hern\u00e1ndez.<\/p>\n<p>La organizaci\u00f3n era presidida por el alcalde saliente de Arecibo, Carlos Molina, que perdi\u00f3 las riendas de su ayuntamiento el pasado 3 de noviembre.<\/p>","protected":false},"excerpt":{"rendered":"<p>La votaci\u00f3n fue 24-10 a su favor. Con 24 de 34 votos a favor, el alcalde de Guaynabo, \u00c1ngel P\u00e9rez Otero, gan\u00f3 la presidencia de la Federaci\u00f3n de Alcaldes del Partido Nuevo Progresista (PNP). \u201cAhora comenzamos un nuevo cuatrienio, un cuatrienio de alianzas (\u2026) no va a ser un cuatrienio f\u00e1cil, y por eso yo [&hellip;]<\/p>","protected":false},"author":0,"featured_media":446251,"comment_status":"closed","ping_status":"closed","sticky":false,"template":"","format":"standard","meta":{"_acf_changed":false,"_monsterinsights_skip_tracking":false,"ep_exclude_from_search":false,"footnotes":""},"categories":[4,2],"tags":[],"class_list":["post-153746","post","type-post","status-publish","format-standard","has-post-thumbnail","hentry","category-gobierno","category-ultima-hora"],"acf":[],"aioseo_notices":[],"_links":{"self":[{"href":"https:\/\/noticel.com\/en\/wp-json\/wp\/v2\/posts\/153746","targetHints":{"allow":["GET"]}}],"collection":[{"href":"https:\/\/noticel.com\/en\/wp-json\/wp\/v2\/posts"}],"about":[{"href":"https:\/\/noticel.com\/en\/wp-json\/wp\/v2\/types\/post"}],"replies":[{"embeddable":true,"href":"https:\/\/noticel.com\/en\/wp-json\/wp\/v2\/comments?post=153746"}],"version-history":[{"count":1,"href":"https:\/\/noticel.com\/en\/wp-json\/wp\/v2\/posts\/153746\/revisions"}],"predecessor-version":[{"id":446254,"href":"https:\/\/noticel.com\/en\/wp-json\/wp\/v2\/posts\/153746\/revisions\/446254"}],"wp:featuredmedia":[{"embeddable":true,"href":"https:\/\/noticel.com\/en\/wp-json\/wp\/v2\/media\/446251"}],"wp:attachment":[{"href":"https:\/\/noticel.com\/en\/wp-json\/wp\/v2\/media?parent=153746"}],"wp:term":[{"taxonomy":"category","embeddable":true,"href":"https:\/\/noticel.com\/en\/wp-json\/wp\/v2\/categories?post=153746"},{"taxonomy":"post_tag","embeddable":true,"href":"https:\/\/noticel.com\/en\/wp-json\/wp\/v2\/tags?post=153746"}],"curies":[{"name":"wp","href":"https:\/\/api.w.org\/{rel}","templated":true}]}}