{"id":15353,"date":"2012-05-30T00:00:00","date_gmt":"2012-05-30T04:00:00","guid":{"rendered":"https:\/\/www.noticel.com\/deportes\/20120530\/seleccion-boricua-de-voleibol-llega-a-tokio\/"},"modified":"2025-07-16T22:56:25","modified_gmt":"2025-07-16T22:56:25","slug":"seleccion-boricua-de-voleibol-llega-a-tokio","status":"publish","type":"post","link":"https:\/\/noticel.com\/en\/deportes\/20120530\/seleccion-boricua-de-voleibol-llega-a-tokio\/","title":{"rendered":"Selecci\u00f3n boricua de voleibol llega a Tokio"},"content":{"rendered":"<p>La Selecci\u00f3n Nacional de Voleibol Masculino arrib\u00f3 a Tokio, Jap\u00f3n, para su participaci\u00f3n en el Torneo de Repechaje Preol\u00edmpico a celebrarse del 1 al 10 de junio de 2012 en esta ciudad capital japonesa.<\/p>\n<p>El sexteto nacional comandado por su dirigente el argentino Carlos Daniel Cardona lleg\u00f3 a esta importante cita de buen esp\u00edritu a pesar del largo viaje que dur\u00f3 m\u00e1s de 24 horas desde el momento de salida en San Juan, Puerto Rico.<\/p>\n<p>Luego de una breve reuni\u00f3n para informar el itinerario para el d\u00eda de ma\u00f1ana, los jugadores se retiraron a sus habitaciones del Hotel Keio Plaza a descansar y recuperar fuerzas de la larga traves\u00eda.<\/p>\n<p>La Selecci\u00f3n practicar\u00e1 ma\u00f1ana por primera y \u00fanica vez antes de la competencia en las facilidades del Tokio Metropolitan Gymnasium, sede de la competici\u00f3n, en el horario de 11 AM a 12 MD, hora japonesa.<\/p>\n<p>La diferencia con el horario de San Juan, Puerto Rico es de 13 horas.<\/p>\n<p>M\u00e1s adelante durante la noche tendr\u00e1 su sesi\u00f3n t\u00e9cnica de video para establecer el plan de juego a utilizarse contra el equipo nacional de la Rep\u00fablica Popular de China, quien ser\u00e1 el primer rival de Puerto Rico el viernes 1 de junio de 2012 a segunda hora de la jornada (1:30 P.M. local).<\/p>\n<p>Los chinos son un equipo que tienen aqu\u00ed una base similar a la que jug\u00f3 la eliminatoria de la Liga Mundial 2011 en Arecibo, Puerto Rico.<\/p>\n<p>De acuerdo al cuerpo t\u00e9cnico de la selecci\u00f3n son muy pocos los cambios que ha hecho ese equipo luego de su participaci\u00f3n en los Juegos Ol\u00edmpicos 2008 y el segundo lugar que conquistaran en el pasado campeonato asi\u00e1tico.<\/p>\n<p>La Selecci\u00f3n Nacional de Voleibol Masculina en el Torneo Repechaje Preol\u00edmpico Mundial la componen los siguientes integrantes:<\/p>\n<p>Colocadores: Fernando Morales y Edgardo Goas<\/p>\n<p>Centrales: Enrique Escalante, Roberto Mu\u00f1iz y Edwin Leonardo Aquino<\/p>\n<p>Esquinas: Jos\u00e9 Rivera, Juan Figueroa y Sequiel S\u00e1nchez<\/p><div class=\"notic-content-middle\" id=\"notic-3322949916\"><div class=\"notic-adlabel\">Advertisements<\/div><a data-no-instant=\"1\" href=\"http:\/\/jackpotdelencantopr.com\" rel=\"noopener\" class=\"a2t-link\" target=\"_blank\" aria-label=\"JP-Monopoly-Launch-Noticel-728&#215;90\"><img loading=\"lazy\" decoding=\"async\" src=\"https:\/\/cdn.noticel.com\/2026\/07\/15123521\/JP-Monopoly-Launch-Noticel-728x90-1.jpg\" alt=\"\"  srcset=\"https:\/\/cdn.noticel.com\/2026\/07\/15123521\/JP-Monopoly-Launch-Noticel-728x90-1.jpg 728w, https:\/\/cdn.noticel.com\/2026\/07\/15123521\/JP-Monopoly-Launch-Noticel-728x90-1-300x37.jpg 300w, https:\/\/cdn.noticel.com\/2026\/07\/15123521\/JP-Monopoly-Launch-Noticel-728x90-1-18x2.jpg 18w\" sizes=\"(max-width: 728px) 100vw, 728px\" width=\"728\" height=\"90\"   \/><\/a><\/div>\n<p>Opuestos: Ezequiel Cruz y Ulises Maldonado<\/p>\n<p>Libero: Gregory Berrios<\/p>\n<p>Especialista Defensivo: Dennis Del Valle<\/p>\n<p>Cuerpo T\u00e9cnico y Administrativo:<\/p>\n<p>Delegado: Noel Marrero<\/p>\n<p>Entrenador Jefe: Carlos D. Cardona<\/p>\n<p>Asistente: Ramon Hernandez<\/p>\n<p>Data Volley: \u00c1ngel V\u00e9lez<\/p>\n<p>Fisioterapista: Jos\u00e9 Pomales<\/p>\n<p>Delegado de Prensa: Manuel Acevedo<\/p>\n<p>Para m\u00e1s informaci\u00f3n visite www.fpvoleibol.com o en Twitter: @FedPURVoleibol.<\/p>","protected":false},"excerpt":{"rendered":"<p>La Selecci\u00f3n Nacional de Voleibol Masculino arrib\u00f3 a Tokio, Jap\u00f3n, para su participaci\u00f3n en el Torneo de Repechaje Preol\u00edmpico a celebrarse del 1 al 10 de junio de 2012 en esta ciudad capital japonesa. El sexteto nacional comandado por su dirigente el argentino Carlos Daniel Cardona lleg\u00f3 a esta importante cita de buen esp\u00edritu a [&hellip;]<\/p>","protected":false},"author":0,"featured_media":479809,"comment_status":"closed","ping_status":"closed","sticky":false,"template":"","format":"standard","meta":{"_acf_changed":false,"_monsterinsights_skip_tracking":false,"ep_exclude_from_search":false,"footnotes":""},"categories":[31],"tags":[],"class_list":["post-15353","post","type-post","status-publish","format-standard","has-post-thumbnail","hentry","category-deportes"],"acf":[],"aioseo_notices":[],"_links":{"self":[{"href":"https:\/\/noticel.com\/en\/wp-json\/wp\/v2\/posts\/15353","targetHints":{"allow":["GET"]}}],"collection":[{"href":"https:\/\/noticel.com\/en\/wp-json\/wp\/v2\/posts"}],"about":[{"href":"https:\/\/noticel.com\/en\/wp-json\/wp\/v2\/types\/post"}],"replies":[{"embeddable":true,"href":"https:\/\/noticel.com\/en\/wp-json\/wp\/v2\/comments?post=15353"}],"version-history":[{"count":1,"href":"https:\/\/noticel.com\/en\/wp-json\/wp\/v2\/posts\/15353\/revisions"}],"predecessor-version":[{"id":479811,"href":"https:\/\/noticel.com\/en\/wp-json\/wp\/v2\/posts\/15353\/revisions\/479811"}],"wp:featuredmedia":[{"embeddable":true,"href":"https:\/\/noticel.com\/en\/wp-json\/wp\/v2\/media\/479809"}],"wp:attachment":[{"href":"https:\/\/noticel.com\/en\/wp-json\/wp\/v2\/media?parent=15353"}],"wp:term":[{"taxonomy":"category","embeddable":true,"href":"https:\/\/noticel.com\/en\/wp-json\/wp\/v2\/categories?post=15353"},{"taxonomy":"post_tag","embeddable":true,"href":"https:\/\/noticel.com\/en\/wp-json\/wp\/v2\/tags?post=15353"}],"curies":[{"name":"wp","href":"https:\/\/api.w.org\/{rel}","templated":true}]}}