{"id":152577,"date":"2020-10-30T15:56:00","date_gmt":"2020-10-30T19:56:00","guid":{"rendered":"https:\/\/www.noticel.com\/la-calle\/policiacas\/20201030\/menor-de-17-anos-es-acusado-de-asesinato-en-moca\/"},"modified":"2025-07-16T15:22:18","modified_gmt":"2025-07-16T15:22:18","slug":"menor-de-17-anos-es-acusado-de-asesinato-en-moca","status":"publish","type":"post","link":"https:\/\/noticel.com\/en\/noticias\/la-calle\/20201030\/menor-de-17-anos-es-acusado-de-asesinato-en-moca\/","title":{"rendered":"Menor de 17 a\u00f1os es acusado de asesinato en Moca"},"content":{"rendered":"<h3>Los hechos ocurrieron el pasado 28 de octubre.<\/h3>\n<p>La Divisi\u00f3n de Homicidios del Negociado de la Policia, someti\u00f3 cargos hoy contra un menor de 17 a\u00f1os, por los delitos de asesinato y ley de armas, por hechos ocurridos en la Avenida Blanca E. Chico, frente al Residencial G\u00e1ndara en el Municipio de Moca.<\/p>\n<p>Seg\u00fan se inform\u00f3, los hechos por los que se acusa, fueron cometidos el pasado 28 de octubre 2020, cuando est\u00e9 asesino de m\u00faltiples balazos a David P\u00e9rez Villanueva, de 31 a\u00f1os y residente de Aguada.<\/p><div class=\"notic-content-middle\" id=\"notic-617599099\"><div class=\"notic-adlabel\">Advertisements<\/div><a data-no-instant=\"1\" href=\"https:\/\/www.cst.pr.gov\/\" rel=\"noopener\" class=\"a2t-link\" target=\"_blank\" aria-label=\"970&#215;90\"><img loading=\"lazy\" decoding=\"async\" src=\"https:\/\/cdn.noticel.com\/2026\/09\/02204026\/970x90-1.jpg\" alt=\"\"  srcset=\"https:\/\/cdn.noticel.com\/2026\/09\/02204026\/970x90-1.jpg 970w, https:\/\/cdn.noticel.com\/2026\/09\/02204026\/970x90-1-300x28.jpg 300w, https:\/\/cdn.noticel.com\/2026\/09\/02204026\/970x90-1-768x71.jpg 768w, https:\/\/cdn.noticel.com\/2026\/09\/02204026\/970x90-1-18x2.jpg 18w\" sizes=\"(max-width: 970px) 100vw, 970px\" width=\"970\" height=\"90\"   \/><\/a><\/div>\n<p>El menor momentos despu\u00e9s del asesinato, fue arrestado en el Barrio Pueblo de Aguadilla, junto a dos adultos identificados como V\u00edctor Garc\u00eda y Bryan Ruiz. Al momento del arresto les ocup\u00f3 dos armas de fuego y sustancias controladas.<\/p>\n<p>El juez Juan Guzm\u00e1n Escobar determin\u00f3 causa probable en todos los cargos, imponi\u00e9ndole una fianza global de $155,000.<\/p>","protected":false},"excerpt":{"rendered":"<p>Los hechos ocurrieron el pasado 28 de octubre. La Divisi\u00f3n de Homicidios del Negociado de la Policia, someti\u00f3 cargos hoy contra un menor de 17 a\u00f1os, por los delitos de asesinato y ley de armas, por hechos ocurridos en la Avenida Blanca E. Chico, frente al Residencial G\u00e1ndara en el Municipio de Moca. Seg\u00fan se [&hellip;]<\/p>","protected":false},"author":0,"featured_media":453530,"comment_status":"closed","ping_status":"closed","sticky":false,"template":"","format":"standard","meta":{"_acf_changed":false,"_monsterinsights_skip_tracking":false,"ep_exclude_from_search":false,"footnotes":""},"categories":[12,15],"tags":[],"class_list":["post-152577","post","type-post","status-publish","format-standard","has-post-thumbnail","hentry","category-la-calle","category-policiacas"],"acf":[],"aioseo_notices":[],"_links":{"self":[{"href":"https:\/\/noticel.com\/en\/wp-json\/wp\/v2\/posts\/152577","targetHints":{"allow":["GET"]}}],"collection":[{"href":"https:\/\/noticel.com\/en\/wp-json\/wp\/v2\/posts"}],"about":[{"href":"https:\/\/noticel.com\/en\/wp-json\/wp\/v2\/types\/post"}],"replies":[{"embeddable":true,"href":"https:\/\/noticel.com\/en\/wp-json\/wp\/v2\/comments?post=152577"}],"version-history":[{"count":1,"href":"https:\/\/noticel.com\/en\/wp-json\/wp\/v2\/posts\/152577\/revisions"}],"predecessor-version":[{"id":453531,"href":"https:\/\/noticel.com\/en\/wp-json\/wp\/v2\/posts\/152577\/revisions\/453531"}],"wp:featuredmedia":[{"embeddable":true,"href":"https:\/\/noticel.com\/en\/wp-json\/wp\/v2\/media\/453530"}],"wp:attachment":[{"href":"https:\/\/noticel.com\/en\/wp-json\/wp\/v2\/media?parent=152577"}],"wp:term":[{"taxonomy":"category","embeddable":true,"href":"https:\/\/noticel.com\/en\/wp-json\/wp\/v2\/categories?post=152577"},{"taxonomy":"post_tag","embeddable":true,"href":"https:\/\/noticel.com\/en\/wp-json\/wp\/v2\/tags?post=152577"}],"curies":[{"name":"wp","href":"https:\/\/api.w.org\/{rel}","templated":true}]}}