{"id":152532,"date":"2020-10-29T15:17:00","date_gmt":"2020-10-29T19:17:00","guid":{"rendered":"https:\/\/www.noticel.com\/ahora\/politica\/20201029\/juan-dalmau-exige-detener-destruccion-masiva-de-arboles\/"},"modified":"2025-07-16T15:25:49","modified_gmt":"2025-07-16T15:25:49","slug":"juan-dalmau-exige-detener-destruccion-masiva-de-arboles","status":"publish","type":"post","link":"https:\/\/noticel.com\/en\/ultima-hora\/20201029\/juan-dalmau-exige-detener-destruccion-masiva-de-arboles\/","title":{"rendered":"Juan Dalmau exige detener destrucci\u00f3n masiva de \u00e1rboles"},"content":{"rendered":"<h3>El candidato independentista a la gobernaci\u00f3n afirm\u00f3 que el gobierno aprovecha la atenci\u00f3n en la campa\u00f1a pol\u00edtica para ejecutar este crimen ambiental.<\/h3>\n<p>El candidato a la gobernaci\u00f3n por el Partido Independentista Puertorrique\u00f1o (PIP), Juan Dalmau Ram\u00edrez, se uni\u00f3 el jueves al llamado que realizan diversas organizaciones y sectores, para exigir al Departamento de Recursos Naturales y Ambientales (DRNA) a detener la destrucci\u00f3n masiva e irresponsable de \u00e1rboles en parques bajo la tutela de la Compa\u00f1\u00eda de Parques Nacionales de Puerto Rico.<\/p>\n<p>\u201cEs perverso de parte del gobierno aprovechar que en este momento la atenci\u00f3n est\u00e1 centrada en la campa\u00f1a electoral, para permitir la destrucci\u00f3n de cientos, y quiz\u00e1s miles, de \u00e1rboles en el pa\u00eds, buscando justificar la contrataci\u00f3n de empresas privadas con fondos de recuperaci\u00f3n. Comenzaron en Cerro Gordo en Vega Baja, y ahora amenazan con continuar en el Zool\u00f3gico en Mayag\u00fcez, el parque de la Cavernas del Rio Camuy, parques urbanos como el Julio Monagas en Bayam\u00f3n y centro vacacionales como el Monte del Estado en Maricao, seg\u00fan la informaci\u00f3n que nos han ofrecido organizaciones ambientales\u201d, explic\u00f3 Dalmau Ram\u00edrez en comunicaci\u00f3n escrita<\/p>\n<p>Bajo el pretexto de que los \u00e1rboles talados o en proceso de talar est\u00e1n enfermos o lastimados por el impacto del Hurac\u00e1n Mar\u00eda hace tres a\u00f1os, el DRNA ha permitido que cientos de \u00e1rboles sanos tambi\u00e9n hayan sido destruidos. Esto ha sido evidenciado por comunidades y organizaciones ambientales.<\/p>\n<p>Seg\u00fan Dalmau Ram\u00edrez, el gobierno del PNP aprovecha la atenci\u00f3n en la campa\u00f1a pol\u00edtica para ejecutar este crimen ambiental.<\/p><div class=\"notic-content-middle\" id=\"notic-981860423\"><div class=\"notic-adlabel\">Advertisements<\/div><a data-no-instant=\"1\" href=\"https:\/\/www.asegurate-bien.com\/\" rel=\"noopener\" class=\"a2t-link\" target=\"_blank\" aria-label=\"Acodese-Adaptaciones-Noticel-728&#215;90\"><img loading=\"lazy\" decoding=\"async\" src=\"https:\/\/cdn.noticel.com\/2026\/07\/30095222\/Acodese-Adaptaciones-Noticel-728x90-1.jpg\" alt=\"\"  srcset=\"https:\/\/cdn.noticel.com\/2026\/07\/30095222\/Acodese-Adaptaciones-Noticel-728x90-1.jpg 728w, https:\/\/cdn.noticel.com\/2026\/07\/30095222\/Acodese-Adaptaciones-Noticel-728x90-1-300x37.jpg 300w, https:\/\/cdn.noticel.com\/2026\/07\/30095222\/Acodese-Adaptaciones-Noticel-728x90-1-18x2.jpg 18w\" sizes=\"(max-width: 728px) 100vw, 728px\" width=\"728\" height=\"90\"   \/><\/a><\/div>\n<p>\u201cEn el 2018, lo intentaron a trav\u00e9s del Departamento de Transportaci\u00f3n y Obras P\u00fablica (DTOP), por lo que somet\u00ed la Resoluci\u00f3n Conjunta 326 para que el DRNA detuviera esefat\u00eddico plan. Pero, como siempre pasa en estos gobiernos rojos y azules, la codicia por el dinero y el af\u00e1n de lucro prevalece por encima de la protecci\u00f3n del ambiente y de la salud de nuestra gente. Bajo mi gobierno, los destructores de \u00e1rboles y del ambiente, pagar\u00e1n las consecuencias\u201d, a\u00f1adi\u00f3.<\/p>\n<p>Seg\u00fan el candidato del PIP, los esfuerzos deben estar dirigidos a reforestar las \u00e1reas, no a deforestarlas.<\/p>\n<p>\u201cEsta visi\u00f3n da\u00f1ina de acabar con el ambiente hay que detenerla. En mi programa Patria Nueva proponemos, entre otras propuestas, desarrollar e implantar un \u201cPlan Maestro de Reforestaci\u00f3n de Puerto Rico\u201d para reforestar y manejar las \u00e1reas verdes en terrenos y propiedades del gobierno, as\u00ed como encaminar planificadamente la reforestaci\u00f3n de las ciudades y las comunidades circundantes. De igual forma, implantar el Programa de \u201c\u00c1rboles para mi Calle\u201d para reforestar los encintados verdes de todas las urbanizaciones del pa\u00eds con metas anuales de un 25 por ciento\u201d, coment\u00f3 Dalmau.<\/p>","protected":false},"excerpt":{"rendered":"<p>El candidato independentista a la gobernaci\u00f3n afirm\u00f3 que el gobierno aprovecha la atenci\u00f3n en la campa\u00f1a pol\u00edtica para ejecutar este crimen ambiental. El candidato a la gobernaci\u00f3n por el Partido Independentista Puertorrique\u00f1o (PIP), Juan Dalmau Ram\u00edrez, se uni\u00f3 el jueves al llamado que realizan diversas organizaciones y sectores, para exigir al Departamento de Recursos Naturales [&hellip;]<\/p>","protected":false},"author":0,"featured_media":453810,"comment_status":"closed","ping_status":"closed","sticky":false,"template":"","format":"standard","meta":{"_acf_changed":false,"_monsterinsights_skip_tracking":false,"ep_exclude_from_search":false,"footnotes":""},"categories":[7,2],"tags":[],"class_list":["post-152532","post","type-post","status-publish","format-standard","has-post-thumbnail","hentry","category-politica","category-ultima-hora"],"acf":[],"aioseo_notices":[],"_links":{"self":[{"href":"https:\/\/noticel.com\/en\/wp-json\/wp\/v2\/posts\/152532","targetHints":{"allow":["GET"]}}],"collection":[{"href":"https:\/\/noticel.com\/en\/wp-json\/wp\/v2\/posts"}],"about":[{"href":"https:\/\/noticel.com\/en\/wp-json\/wp\/v2\/types\/post"}],"replies":[{"embeddable":true,"href":"https:\/\/noticel.com\/en\/wp-json\/wp\/v2\/comments?post=152532"}],"version-history":[{"count":1,"href":"https:\/\/noticel.com\/en\/wp-json\/wp\/v2\/posts\/152532\/revisions"}],"predecessor-version":[{"id":453813,"href":"https:\/\/noticel.com\/en\/wp-json\/wp\/v2\/posts\/152532\/revisions\/453813"}],"wp:featuredmedia":[{"embeddable":true,"href":"https:\/\/noticel.com\/en\/wp-json\/wp\/v2\/media\/453810"}],"wp:attachment":[{"href":"https:\/\/noticel.com\/en\/wp-json\/wp\/v2\/media?parent=152532"}],"wp:term":[{"taxonomy":"category","embeddable":true,"href":"https:\/\/noticel.com\/en\/wp-json\/wp\/v2\/categories?post=152532"},{"taxonomy":"post_tag","embeddable":true,"href":"https:\/\/noticel.com\/en\/wp-json\/wp\/v2\/tags?post=152532"}],"curies":[{"name":"wp","href":"https:\/\/api.w.org\/{rel}","templated":true}]}}