{"id":152340,"date":"2020-10-26T06:07:00","date_gmt":"2020-10-26T10:07:00","guid":{"rendered":"https:\/\/www.noticel.com\/la-calle\/policiacas\/20201026\/hombre-muere-ahogado-en-isabela\/"},"modified":"2025-07-16T15:43:07","modified_gmt":"2025-07-16T15:43:07","slug":"hombre-muere-ahogado-en-isabela","status":"publish","type":"post","link":"https:\/\/noticel.com\/en\/noticias\/la-calle\/20201026\/hombre-muere-ahogado-en-isabela\/","title":{"rendered":"Hombre muere ahogado en Isabela"},"content":{"rendered":"<h3>Fue arrastrado por una corriente en la playa Jobos.<\/h3>\n<p>Una persona muri\u00f3 ahogada la noche del domingo en la playa Jobos de Isabela.<\/p>\n<p>Seg\u00fan el reporte de la Polic\u00eda, Jorge Javier Torres Oquendo, de 31 a\u00f1os y residente de Ponce, compart\u00eda en el lugar con unas amistades cuando fue arrastrado por las corrientes, lo que provoc\u00f3 que muriera ahogado.<\/p>\n<p>A la escena se person\u00f3 el agente Harry Mu\u00f1iz de Homicidios, quien, en uni\u00f3n al Fiscal Gilberto Rodr\u00edguez y personal de la Unidad de Servicios T\u00e9cnicos, se hicieron cargo de la investigaci\u00f3n.<\/p>\n<p>Fuertes oleajes y corrientes marinas fueron registrados durante todo el fin de semana asociados con el paso del hurac\u00e1n Epsilon al norte del Oc\u00e9ano Atl\u00e1ntico.<\/p>","protected":false},"excerpt":{"rendered":"<p>Fue arrastrado por una corriente en la playa Jobos. Una persona muri\u00f3 ahogada la noche del domingo en la playa Jobos de Isabela. Seg\u00fan el reporte de la Polic\u00eda, Jorge Javier Torres Oquendo, de 31 a\u00f1os y residente de Ponce, compart\u00eda en el lugar con unas amistades cuando fue arrastrado por las corrientes, lo que [&hellip;]<\/p>","protected":false},"author":0,"featured_media":455165,"comment_status":"closed","ping_status":"closed","sticky":false,"template":"","format":"standard","meta":{"_acf_changed":false,"_monsterinsights_skip_tracking":false,"ep_exclude_from_search":false,"footnotes":""},"categories":[12,15],"tags":[],"class_list":["post-152340","post","type-post","status-publish","format-standard","has-post-thumbnail","hentry","category-la-calle","category-policiacas"],"acf":[],"aioseo_notices":[],"_links":{"self":[{"href":"https:\/\/noticel.com\/en\/wp-json\/wp\/v2\/posts\/152340","targetHints":{"allow":["GET"]}}],"collection":[{"href":"https:\/\/noticel.com\/en\/wp-json\/wp\/v2\/posts"}],"about":[{"href":"https:\/\/noticel.com\/en\/wp-json\/wp\/v2\/types\/post"}],"replies":[{"embeddable":true,"href":"https:\/\/noticel.com\/en\/wp-json\/wp\/v2\/comments?post=152340"}],"version-history":[{"count":1,"href":"https:\/\/noticel.com\/en\/wp-json\/wp\/v2\/posts\/152340\/revisions"}],"predecessor-version":[{"id":455167,"href":"https:\/\/noticel.com\/en\/wp-json\/wp\/v2\/posts\/152340\/revisions\/455167"}],"wp:featuredmedia":[{"embeddable":true,"href":"https:\/\/noticel.com\/en\/wp-json\/wp\/v2\/media\/455165"}],"wp:attachment":[{"href":"https:\/\/noticel.com\/en\/wp-json\/wp\/v2\/media?parent=152340"}],"wp:term":[{"taxonomy":"category","embeddable":true,"href":"https:\/\/noticel.com\/en\/wp-json\/wp\/v2\/categories?post=152340"},{"taxonomy":"post_tag","embeddable":true,"href":"https:\/\/noticel.com\/en\/wp-json\/wp\/v2\/tags?post=152340"}],"curies":[{"name":"wp","href":"https:\/\/api.w.org\/{rel}","templated":true}]}}