{"id":152327,"date":"2020-10-25T15:06:00","date_gmt":"2020-10-25T19:06:00","guid":{"rendered":"https:\/\/www.noticel.com\/ahora\/politica\/20201025\/comisionada-residente-sale-al-paso-a-criticas-del-ppd-por-sus-viajes\/"},"modified":"2025-07-16T15:44:24","modified_gmt":"2025-07-16T15:44:24","slug":"comisionada-residente-sale-al-paso-a-criticas-del-ppd-por-sus-viajes","status":"publish","type":"post","link":"https:\/\/noticel.com\/en\/ultima-hora\/20201025\/comisionada-residente-sale-al-paso-a-criticas-del-ppd-por-sus-viajes\/","title":{"rendered":"Comisionada Residente sale al paso a cr\u00edticas del PPD por sus viajes"},"content":{"rendered":"<h3>Jenniffer Gonz\u00e1lez asegura que sus gestiones no le costaron un centavo a Puerto Rico y, en cambio, trajeron millones en ayudas.<\/h3>\n<p>El equipo de trabajo de la comisionada residente en Washington, Jenniffer Gonz\u00e1lez, asegur\u00f3 que los viajes que ha realizado como parte de sus funciones en el Congreso de Estados Unidos no le ha costado un centavo al pueblo de Puerto Rico y, por el contrario, les han tra\u00eddo millones de d\u00f3lares en beneficios.<\/p>\n<p>La reacci\u00f3n del comit\u00e9 de campa\u00f1a de Gonz\u00e1lez se produce luego que el representante \u00c1ngel Matos y el candidato al precinto 4 de San Juan, Manuel Calder\u00f3n Cerame, ambos del Partido popular Democr\u00e1tico (PPD), denunciaran que la comisionada residente se la pas\u00f3 viajando, mientras en Washington se discut\u00edan temas trascendentales para Puerto Rico.<\/p>\n<p>\u201cLos viajes le han costado al pueblo de Puerto Rico CERO y le han conseguido al pueblo de Puerto Rico M\u00c1S DE $121,000 MILLONES en fondos federales, adem\u00e1s de m\u00faltiples oportunidades de desarrollo econ\u00f3mico para la Isla\u201d, asegur\u00f3 la directora de directora de comunicaciones de Gonz\u00e1lez, Marieli Padr\u00f3, Raldiris, en declaraciones escritas.<\/p>\n<p>Seg\u00fan Padr\u00f3 Raldiris,  viajar es parte de su funci\u00f3n oficial, al tiempo que agreg\u00f3 que es una pena que no mencionaran los m\u00e1s de 100 congresistas que trajo a Puerto Rico para ayudar luego de la devastaci\u00f3n provocada del hurac\u00e1n y los terremotos.<\/p><div class=\"notic-content-middle\" id=\"notic-3660733937\"><div class=\"notic-adlabel\">Advertisements<\/div><a data-no-instant=\"1\" href=\"https:\/\/qrco.de\/bgxd5v\" rel=\"noopener\" class=\"a2t-link\" target=\"_blank\" aria-label=\"DisplayAds-970&#215;2503\"><img loading=\"lazy\" decoding=\"async\" src=\"https:\/\/cdn.noticel.com\/2026\/09\/02201056\/DisplayAds-970x2503-1.jpg\" alt=\"\"  srcset=\"https:\/\/cdn.noticel.com\/2026\/09\/02201056\/DisplayAds-970x2503-1.jpg 970w, https:\/\/cdn.noticel.com\/2026\/09\/02201056\/DisplayAds-970x2503-1-300x77.jpg 300w, https:\/\/cdn.noticel.com\/2026\/09\/02201056\/DisplayAds-970x2503-1-768x198.jpg 768w, https:\/\/cdn.noticel.com\/2026\/09\/02201056\/DisplayAds-970x2503-1-18x5.jpg 18w\" sizes=\"(max-width: 970px) 100vw, 970px\" width=\"970\" height=\"250\"   \/><\/a><\/div>\n<p>\u201cEsa conferencia de prensa denota la desesperaci\u00f3n del PPD, luego de que su propio candidato a la gobernaci\u00f3n no pudiera expresar que pondr\u00eda las manos en el fuego por el ex comisionado\u201d, reza el comunicado.<\/p>\n<p>El grupo de trabajo de Gonz\u00e1lez destac\u00f3 que en la mima conferencia, los representantes populares admitieron que los congresistas de todos los estados tienen que estar viajando como parte de sus funciones y tambi\u00e9n reconocieron que no le cuesta un d\u00f3lar al gobierno de Puerto Rico.<\/p>\n<p>De igual forma, sostuvo que los viajes a los que hicieron referencia no son organizados por Gonz\u00e1lez, por lo que ella no elige la transportaci\u00f3n, hospedaje u otros detalles de sus vuelos, incluyendo los que se organizaron por los cuerpos militares a Puerto Rico luego del hurac\u00e1n Mar\u00eda.<\/p>\n<p>\u201cLos viajes son parte de la funci\u00f3n de los congresistas y todos los han hecho, incluso el ex comisionado residente, An\u00edbal Acevedo Vil\u00e1, tambi\u00e9n realiz\u00f3 viajes como a Jordania, Australia y Nueva Zelanda, adem\u00e1s de todo el tiempo que pasaba en Puerto Rico, en vez de Washington D.C\u201d, concluy\u00f3 el comunicado.<\/p>","protected":false},"excerpt":{"rendered":"<p>Jenniffer Gonz\u00e1lez asegura que sus gestiones no le costaron un centavo a Puerto Rico y, en cambio, trajeron millones en ayudas. El equipo de trabajo de la comisionada residente en Washington, Jenniffer Gonz\u00e1lez, asegur\u00f3 que los viajes que ha realizado como parte de sus funciones en el Congreso de Estados Unidos no le ha costado [&hellip;]<\/p>","protected":false},"author":0,"featured_media":455259,"comment_status":"closed","ping_status":"closed","sticky":false,"template":"","format":"standard","meta":{"_acf_changed":false,"_monsterinsights_skip_tracking":false,"ep_exclude_from_search":false,"footnotes":""},"categories":[7,2],"tags":[],"class_list":["post-152327","post","type-post","status-publish","format-standard","has-post-thumbnail","hentry","category-politica","category-ultima-hora"],"acf":[],"aioseo_notices":[],"_links":{"self":[{"href":"https:\/\/noticel.com\/en\/wp-json\/wp\/v2\/posts\/152327","targetHints":{"allow":["GET"]}}],"collection":[{"href":"https:\/\/noticel.com\/en\/wp-json\/wp\/v2\/posts"}],"about":[{"href":"https:\/\/noticel.com\/en\/wp-json\/wp\/v2\/types\/post"}],"replies":[{"embeddable":true,"href":"https:\/\/noticel.com\/en\/wp-json\/wp\/v2\/comments?post=152327"}],"version-history":[{"count":1,"href":"https:\/\/noticel.com\/en\/wp-json\/wp\/v2\/posts\/152327\/revisions"}],"predecessor-version":[{"id":455260,"href":"https:\/\/noticel.com\/en\/wp-json\/wp\/v2\/posts\/152327\/revisions\/455260"}],"wp:featuredmedia":[{"embeddable":true,"href":"https:\/\/noticel.com\/en\/wp-json\/wp\/v2\/media\/455259"}],"wp:attachment":[{"href":"https:\/\/noticel.com\/en\/wp-json\/wp\/v2\/media?parent=152327"}],"wp:term":[{"taxonomy":"category","embeddable":true,"href":"https:\/\/noticel.com\/en\/wp-json\/wp\/v2\/categories?post=152327"},{"taxonomy":"post_tag","embeddable":true,"href":"https:\/\/noticel.com\/en\/wp-json\/wp\/v2\/tags?post=152327"}],"curies":[{"name":"wp","href":"https:\/\/api.w.org\/{rel}","templated":true}]}}