{"id":152215,"date":"2020-10-22T16:27:00","date_gmt":"2020-10-22T20:27:00","guid":{"rendered":"https:\/\/www.noticel.com\/mundo\/20201022\/trump-pence-y-obama-haran-campana-en-florida-este-fin-de-semana\/"},"modified":"2025-07-16T15:55:09","modified_gmt":"2025-07-16T15:55:09","slug":"trump-pence-y-obama-haran-campana-en-florida-este-fin-de-semana","status":"publish","type":"post","link":"https:\/\/noticel.com\/en\/noticias\/mundo\/20201022\/trump-pence-y-obama-haran-campana-en-florida-este-fin-de-semana\/","title":{"rendered":"Trump, Pence y Obama har\u00e1n campa\u00f1a en Florida este fin de semana"},"content":{"rendered":"<h3>A menos de dos semanas de las elecciones arrecia la lucha por los votos en ese estado clave.<\/h3>\n<p>Florida espera las visitas del presidente Donald Trump, el viernes, y del vicepresidente Mike Pence y el expresidente Barack Obama, el s\u00e1bado, con el mismo objetivo de captar votantes en la recta final de la campa\u00f1a para las elecciones del 3 de noviembre.<\/p>\n<p>Trump, que busca ser reelegido, participar\u00e1 ma\u00f1ana en un mit\u00edn en The Villages, al norte de Orlando, y luego en otro en Pensacola, en el noroeste de Florida, dos bastiones del Partido Republicano .<\/p>\n<p>La campa\u00f1a del republicano, que al igual que la del candidato dem\u00f3crata, Joe Biden, pretende los 29 votos que Florida otorga en el Colegio Electoral, donde se decide en \u00faltima instancia qui\u00e9n es el ganador de las elecciones presidenciales, anunci\u00f3 este jueves que el vicepresidente Pence hablar\u00e1 este s\u00e1bado durante un mitin en Lakeland (centro) y luego, ese mismo d\u00eda, en otro en Tallahassee, la capital estatal.<\/p>\n<p>El viernes de la semana pasada la dupla Donald Trump-Mike Pence desembarc\u00f3 en Miami, cada uno con su propia agenda pero un mismo objetivo: conquistar con un mensaje antisocialista el voto hispano en Florida, un estado que puede ser la llave para no dejar la Casa Blanca en enero y que ya ha votado masivamente por correo.<\/p>\n<p>En cuanto al Partido Dem\u00f3crata, el expresidente Barack Obama, que este mi\u00e9rcoles entr\u00f3 de lleno en la campa\u00f1a electoral, participar\u00e1 el pr\u00f3ximo s\u00e1bado en un mitin en Miami en apoyo a los candidatos dem\u00f3cratas a la Presidencia, Joe Biden, y a la Vicepresidencia, Kamala Harris.<\/p>\n<p>El lunes pasado, durante un mitin motorizado en Orlando (Florida), Harris se\u00f1al\u00f3 que este estado puede ser el \u00abprimero en ayudar\u00bb a impulsar el cambio presidencial votando por el dem\u00f3crata Joe Biden.<\/p>\n<p>El equipo de campa\u00f1a de Biden en Florida anunci\u00f3 este jueves la visita de Obama a Miami sin dar m\u00e1s detalles.<\/p><div class=\"notic-content-middle\" id=\"notic-3876946935\"><div class=\"notic-adlabel\">Advertisements<\/div><a data-no-instant=\"1\" href=\"https:\/\/qrco.de\/bgxd5v\" rel=\"noopener\" class=\"a2t-link\" target=\"_blank\" aria-label=\"DisplayAds-300&#215;2503\"><img loading=\"lazy\" decoding=\"async\" src=\"https:\/\/cdn.noticel.com\/2026\/08\/11175936\/DisplayAds-300x2503-1.jpg\" alt=\"\"  srcset=\"https:\/\/cdn.noticel.com\/2026\/08\/11175936\/DisplayAds-300x2503-1.jpg 300w, https:\/\/cdn.noticel.com\/2026\/08\/11175936\/DisplayAds-300x2503-1-14x12.jpg 14w\" sizes=\"(max-width: 300px) 100vw, 300px\" width=\"300\" height=\"250\"   \/><\/a><\/div>\n<p>Obama debut\u00f3 en esta campa\u00f1a con un mitin el mi\u00e9rcoles en Filadelfia, un basti\u00f3n dem\u00f3crata.<\/p>\n<p>En Florida, seg\u00fan las encuestas, la ventaja que Biden tiene sobre Trump a nivel nacional es menor debido al peso de cubanos y venezolanos que apoyan la pol\u00edtica de mano dura del presidente hacia los gobiernos de sus dos pa\u00edses.<\/p>\n<p>El promedio de encuestas que elabora RealClearPolitics muestra este jueves a Biden con una ventaja del 7.5 %, pero en Florida se recorta a un 2.1 %.<\/p>\n<p>Florida, que no tiene un patr\u00f3n de voto fijo, vot\u00f3 por Obama en las dos elecciones presidenciales en las que particip\u00f3, pero en 2016 el ganador result\u00f3 ser Trump, aunque fue por unos 100,000 votos de diferencia sobre la dem\u00f3crata Hillary Clinton.<\/p>\n<p>Este jueves en Nashville (Tennessee) tendr\u00e1 lugar el \u00faltimo cara cara entre Trump y Biden antes de las elecciones del pr\u00f3ximo 3 de noviembre.<\/p>\n<p>La moderadora del debate ser\u00e1 Kristen Welker, periodista del canal de televisi\u00f3n NBC News.<\/p>","protected":false},"excerpt":{"rendered":"<p>A menos de dos semanas de las elecciones arrecia la lucha por los votos en ese estado clave. Florida espera las visitas del presidente Donald Trump, el viernes, y del vicepresidente Mike Pence y el expresidente Barack Obama, el s\u00e1bado, con el mismo objetivo de captar votantes en la recta final de la campa\u00f1a para [&hellip;]<\/p>","protected":false},"author":0,"featured_media":455992,"comment_status":"closed","ping_status":"closed","sticky":false,"template":"","format":"standard","meta":{"_acf_changed":false,"_monsterinsights_skip_tracking":false,"ep_exclude_from_search":false,"footnotes":""},"categories":[17],"tags":[],"class_list":["post-152215","post","type-post","status-publish","format-standard","has-post-thumbnail","hentry","category-mundo"],"acf":[],"aioseo_notices":[],"_links":{"self":[{"href":"https:\/\/noticel.com\/en\/wp-json\/wp\/v2\/posts\/152215","targetHints":{"allow":["GET"]}}],"collection":[{"href":"https:\/\/noticel.com\/en\/wp-json\/wp\/v2\/posts"}],"about":[{"href":"https:\/\/noticel.com\/en\/wp-json\/wp\/v2\/types\/post"}],"replies":[{"embeddable":true,"href":"https:\/\/noticel.com\/en\/wp-json\/wp\/v2\/comments?post=152215"}],"version-history":[{"count":1,"href":"https:\/\/noticel.com\/en\/wp-json\/wp\/v2\/posts\/152215\/revisions"}],"predecessor-version":[{"id":455995,"href":"https:\/\/noticel.com\/en\/wp-json\/wp\/v2\/posts\/152215\/revisions\/455995"}],"wp:featuredmedia":[{"embeddable":true,"href":"https:\/\/noticel.com\/en\/wp-json\/wp\/v2\/media\/455992"}],"wp:attachment":[{"href":"https:\/\/noticel.com\/en\/wp-json\/wp\/v2\/media?parent=152215"}],"wp:term":[{"taxonomy":"category","embeddable":true,"href":"https:\/\/noticel.com\/en\/wp-json\/wp\/v2\/categories?post=152215"},{"taxonomy":"post_tag","embeddable":true,"href":"https:\/\/noticel.com\/en\/wp-json\/wp\/v2\/tags?post=152215"}],"curies":[{"name":"wp","href":"https:\/\/api.w.org\/{rel}","templated":true}]}}