{"id":152105,"date":"2020-10-20T19:06:00","date_gmt":"2020-10-20T23:06:00","guid":{"rendered":"https:\/\/www.noticel.com\/la-calle\/policiacas\/20201020\/acusan-individuo-por-maltrato-a-envejeciente\/"},"modified":"2025-07-16T16:04:52","modified_gmt":"2025-07-16T16:04:52","slug":"acusan-individuo-por-maltrato-a-envejeciente","status":"publish","type":"post","link":"https:\/\/noticel.com\/en\/noticias\/la-calle\/20201020\/acusan-individuo-por-maltrato-a-envejeciente\/","title":{"rendered":"Acusan individuo por maltrato a envejeciente"},"content":{"rendered":"<h3>El hombre fue ingresado en la c\u00e1rcel de Bayam\u00f3n.<\/h3>\n<p>Un hombre de 24 a\u00f1os fue ingresado hoy en la c\u00e1rcel tras ser acusado de maltrato a una persona de edad avanzada.<\/p>\n<p>El acusado, Jonathan Otero Padilla, para la fecha del lunes 19 de octubre, en horas de la tarde en el sector la L\u00ednea de Morovis, agredi\u00f3 al se\u00f1or \u00c1ngel L. Mart\u00ednez Flores de 81 a\u00f1os.<\/p>\n<p>El agente Daniel Silva Adorno del Distrito de Morovis en conjunto con el fiscal Rafael Freytes radicaron cargos criminales contra Otero Padilla.<\/p>\n<p>El caso fue presentado ante el juez Francisco Santiago de Tribunal de Primera Instancia de Arecibo, quien luego de escuchar la prueba determino causa por la agresi\u00f3n, le impuso una fianza de $20,000 siendo ingresado en la c\u00e1rcel regional de Bayam\u00f3n hasta la vista preliminar pautada el pr\u00f3ximo 5 de noviembre.<\/p>","protected":false},"excerpt":{"rendered":"<p>El hombre fue ingresado en la c\u00e1rcel de Bayam\u00f3n. Un hombre de 24 a\u00f1os fue ingresado hoy en la c\u00e1rcel tras ser acusado de maltrato a una persona de edad avanzada. El acusado, Jonathan Otero Padilla, para la fecha del lunes 19 de octubre, en horas de la tarde en el sector la L\u00ednea de [&hellip;]<\/p>","protected":false},"author":0,"featured_media":456684,"comment_status":"closed","ping_status":"closed","sticky":false,"template":"","format":"standard","meta":{"_acf_changed":false,"_monsterinsights_skip_tracking":false,"ep_exclude_from_search":false,"footnotes":""},"categories":[12,15],"tags":[],"class_list":["post-152105","post","type-post","status-publish","format-standard","has-post-thumbnail","hentry","category-la-calle","category-policiacas"],"acf":[],"aioseo_notices":[],"_links":{"self":[{"href":"https:\/\/noticel.com\/en\/wp-json\/wp\/v2\/posts\/152105","targetHints":{"allow":["GET"]}}],"collection":[{"href":"https:\/\/noticel.com\/en\/wp-json\/wp\/v2\/posts"}],"about":[{"href":"https:\/\/noticel.com\/en\/wp-json\/wp\/v2\/types\/post"}],"replies":[{"embeddable":true,"href":"https:\/\/noticel.com\/en\/wp-json\/wp\/v2\/comments?post=152105"}],"version-history":[{"count":1,"href":"https:\/\/noticel.com\/en\/wp-json\/wp\/v2\/posts\/152105\/revisions"}],"predecessor-version":[{"id":456686,"href":"https:\/\/noticel.com\/en\/wp-json\/wp\/v2\/posts\/152105\/revisions\/456686"}],"wp:featuredmedia":[{"embeddable":true,"href":"https:\/\/noticel.com\/en\/wp-json\/wp\/v2\/media\/456684"}],"wp:attachment":[{"href":"https:\/\/noticel.com\/en\/wp-json\/wp\/v2\/media?parent=152105"}],"wp:term":[{"taxonomy":"category","embeddable":true,"href":"https:\/\/noticel.com\/en\/wp-json\/wp\/v2\/categories?post=152105"},{"taxonomy":"post_tag","embeddable":true,"href":"https:\/\/noticel.com\/en\/wp-json\/wp\/v2\/tags?post=152105"}],"curies":[{"name":"wp","href":"https:\/\/api.w.org\/{rel}","templated":true}]}}