{"id":151789,"date":"2020-10-13T15:37:00","date_gmt":"2020-10-13T19:37:00","guid":{"rendered":"https:\/\/www.noticel.com\/economia\/top-stories\/20201013\/trump-pide-al-congreso-ir-a-lo-grande-con-nuevo-paquete-de-estimulo\/"},"modified":"2025-07-16T16:29:23","modified_gmt":"2025-07-16T16:29:23","slug":"trump-pide-al-congreso-ir-a-lo-grande-con-nuevo-paquete-de-estimulo","status":"publish","type":"post","link":"https:\/\/noticel.com\/en\/economia\/20201013\/trump-pide-al-congreso-ir-a-lo-grande-con-nuevo-paquete-de-estimulo\/","title":{"rendered":"Trump pide al Congreso \u00abir a lo grande\u00bb con nuevo paquete de est\u00edmulo"},"content":{"rendered":"<p>El presidente de EE.UU., Donald Trump, inst\u00f3 este martes al Congreso del pa\u00eds a \u00abir a lo grande \u00bb o a marcharse a casa durante las negociaciones sobre un segundo paquete de est\u00edmulo para paliar el deterioro econ\u00f3mico debido a la pandemia.<\/p>\n<p>\u00ab\u00a1EST\u00cdMULO! \u00a1\u00a1\u00a1Vayan a lo grande o m\u00e1rchense a casa!!!\u00bb, dijo el mandatario en un tuit.<\/p>\n<p>Actualmente la Casa Blanca y los dem\u00f3cratas llevan a cabo conversaciones para acordar un nuevo paquete de est\u00edmulo, tras el aprobado en marzo de este a\u00f1o por valor de 2.2 billones de d\u00f3lares, el mayor de la historia del pa\u00eds.<\/p>\n<p>El l\u00edder de la mayor\u00eda republicana en el Senado, Mitch McConnell, dijo este martes en un comunicado que cuando el pleno de la C\u00e1mara vuelva a reunirse el pr\u00f3ximo 19 de octubre su prioridad ser\u00e1 votar \u00abuna ayuda para los trabajadores estadounidenses, que incluye nueva financiaci\u00f3n para el PPP\u00bb, las siglas en ingl\u00e9s del Programa de Protecci\u00f3n del N\u00f3minas, que expir\u00f3 en agosto.<\/p>\n<p><strong id=\"strong-5ea18821c15f5eea6515bdc65e283ae7\">Te puede interesar<\/strong>: <a href=\"https:\/\/noticel.com\/en\/economia\/top-stories\/20201009\/trump-actualiza-como-van-las-negociaciones-para-el-nuevo-cheque-de-estimulo\/\" id=\"link-afc149e5a6b3f91cd481079156ad3599\">Trump actualiza c\u00f3mo van las negociaciones para el nuevo cheque de est\u00edmulo<\/a><\/p>\n<p>El PPP form\u00f3 parte del paquete de est\u00edmulo de m\u00e1s de dos billones de d\u00f3lares aprobado en marzo y permiti\u00f3 a los peque\u00f1os negocios recibir pr\u00e9stamos del Gobierno federal, que pod\u00edan ser condonados si las n\u00f3minas de los trabajadores se manten\u00edan a un cierto nivel.<\/p><div class=\"notic-content-middle\" id=\"notic-3480288662\"><div class=\"notic-adlabel\">Advertisements<\/div><a data-no-instant=\"1\" href=\"https:\/\/www.cst.pr.gov\/\" rel=\"noopener\" class=\"a2t-link\" target=\"_blank\" aria-label=\"970&#215;90\"><img loading=\"lazy\" decoding=\"async\" src=\"https:\/\/cdn.noticel.com\/2026\/09\/02203812\/970x90.jpg\" alt=\"\"  srcset=\"https:\/\/cdn.noticel.com\/2026\/09\/02203812\/970x90.jpg 970w, https:\/\/cdn.noticel.com\/2026\/09\/02203812\/970x90-300x28.jpg 300w, https:\/\/cdn.noticel.com\/2026\/09\/02203812\/970x90-768x71.jpg 768w, https:\/\/cdn.noticel.com\/2026\/09\/02203812\/970x90-18x2.jpg 18w\" sizes=\"(max-width: 970px) 100vw, 970px\" width=\"970\" height=\"90\"   \/><\/a><\/div>\n<p>McConnell subray\u00f3 que \u00abno hay excusa para que los dem\u00f3cratas sigan bloqueando la financiaci\u00f3n para el Programa de Protecci\u00f3n de Nominas, mientras otras conversaciones contin\u00faan\u00bb.<\/p>\n<p>Los dem\u00f3cratas bloquearon el mes pasado en el Senado un plan de est\u00edmulo econ\u00f3mico por valor de 500,000 millones de d\u00f3lares presentado por los conservadores, y por el momento no han aclarado si apoyar\u00e1n la financiaci\u00f3n para el PPP que ahora proponen los republicanos.<\/p>\n<p>El pasado martes, el presidente Trump orden\u00f3 suspender abruptamente hasta despu\u00e9s de las elecciones del 3 de noviembre las negociaciones con el Congreso para aprobar un nuevo paquete de ayuda.<\/p>\n<p>Y tres d\u00edas despu\u00e9s, el viernes, el gobernante afirm\u00f3 que le gustar\u00eda ver un paquete de est\u00edmulo mayor al ofrecido por dem\u00f3cratas y republicanos, en medio de informaciones aparecidas en medios de comunicaci\u00f3n locales de que la Casa Blanca iba a presentar una propuesta de rescate de 1.8 billones de d\u00f3lares.<\/p>\n<p>El s\u00e1bado, la presidenta de la C\u00e1mara de Representantes, la dem\u00f3crata Nancy Pelosi, consider\u00f3 \u00abinsuficiente\u00bb la propuesta de la Administraci\u00f3n de Trump.<\/p>","protected":false},"excerpt":{"rendered":"<p>El presidente de EE.UU., Donald Trump, inst\u00f3 este martes al Congreso del pa\u00eds a \u00abir a lo grande \u00bb o a marcharse a casa durante las negociaciones sobre un segundo paquete de est\u00edmulo para paliar el deterioro econ\u00f3mico debido a la pandemia. \u00ab\u00a1EST\u00cdMULO! \u00a1\u00a1\u00a1Vayan a lo grande o m\u00e1rchense a casa!!!\u00bb, dijo el mandatario en [&hellip;]<\/p>","protected":false},"author":0,"featured_media":458581,"comment_status":"closed","ping_status":"closed","sticky":false,"template":"","format":"standard","meta":{"_acf_changed":false,"_monsterinsights_skip_tracking":false,"ep_exclude_from_search":false,"footnotes":""},"categories":[22],"tags":[],"class_list":["post-151789","post","type-post","status-publish","format-standard","has-post-thumbnail","hentry","category-economia"],"acf":[],"aioseo_notices":[],"_links":{"self":[{"href":"https:\/\/noticel.com\/en\/wp-json\/wp\/v2\/posts\/151789","targetHints":{"allow":["GET"]}}],"collection":[{"href":"https:\/\/noticel.com\/en\/wp-json\/wp\/v2\/posts"}],"about":[{"href":"https:\/\/noticel.com\/en\/wp-json\/wp\/v2\/types\/post"}],"replies":[{"embeddable":true,"href":"https:\/\/noticel.com\/en\/wp-json\/wp\/v2\/comments?post=151789"}],"version-history":[{"count":1,"href":"https:\/\/noticel.com\/en\/wp-json\/wp\/v2\/posts\/151789\/revisions"}],"predecessor-version":[{"id":458584,"href":"https:\/\/noticel.com\/en\/wp-json\/wp\/v2\/posts\/151789\/revisions\/458584"}],"wp:featuredmedia":[{"embeddable":true,"href":"https:\/\/noticel.com\/en\/wp-json\/wp\/v2\/media\/458581"}],"wp:attachment":[{"href":"https:\/\/noticel.com\/en\/wp-json\/wp\/v2\/media?parent=151789"}],"wp:term":[{"taxonomy":"category","embeddable":true,"href":"https:\/\/noticel.com\/en\/wp-json\/wp\/v2\/categories?post=151789"},{"taxonomy":"post_tag","embeddable":true,"href":"https:\/\/noticel.com\/en\/wp-json\/wp\/v2\/tags?post=151789"}],"curies":[{"name":"wp","href":"https:\/\/api.w.org\/{rel}","templated":true}]}}