{"id":151757,"date":"2020-10-13T06:00:00","date_gmt":"2020-10-13T10:00:00","guid":{"rendered":"https:\/\/www.noticel.com\/?post_type=article&#038;p=151757"},"modified":"2025-07-16T16:32:23","modified_gmt":"2025-07-16T16:32:23","slug":"hector-ferrer-santiago-yo-estoy-con-rossana-lopez-leon","status":"publish","type":"post","link":"https:\/\/noticel.com\/en\/ultima-hora\/20201013\/hector-ferrer-santiago-yo-estoy-con-rossana-lopez-leon\/","title":{"rendered":"H\u00e9ctor Ferrer Santiago: \u00abYo estoy con Rossana L\u00f3pez Le\u00f3n\u00bb."},"content":{"rendered":"<h3>Contrario a la matriarca de la familia, el novato pol\u00edtico expres\u00f3 su apoyo total a la candidata popular a la alcald\u00eda de San Juan.<\/h3>\n<p>H\u00e9ctor Enrique Ferrer Santiago lo tiene claro. No titubea al escuchar la pregunta. Solo enuncia cuatro palabras. \u201cEstoy con Rossana L\u00f3pez\u201d, afirma al otro lado del tel\u00e9fono.<\/p>\n<p>El candidato a representante por Acumulaci\u00f3n del Partido Popular Democr\u00e1tico (PPD) e hijo del fenecido presidente de la Pava, H\u00e9ctor Ferrer R\u00edos, no acepta otra pregunta. Evita la controversia o el espacio para la especulaci\u00f3n. \u201cEn San Juan, yo estoy con Rossana L\u00f3pez Le\u00f3n\u201d, remata con una foto que env\u00eda por texto del <em id=\"emphasis-44e59c5272c801d32d7158f68fc74961\">post<\/em> que colg\u00f3 en Facebook para zanjar cualquier pol\u00e9mica.<\/p>\n<p>Dos d\u00edas despu\u00e9s de que la matriarca de la familia, <a href=\"https:\/\/noticel.com\/en\/elecciones\/politica\/ahora\/top-stories\/20201010\/madre-del-difunto-hector-ferrer-endosa-la-candidatura-de-miguel-romero-a-san-juan\/\" id=\"link-ce69348654fa9d2d1baef2eb761a9746\">su abuela Maritza R\u00edos<\/a>, apoy\u00f3 la candidatura a la alcald\u00eda de San Juan de <a href=\"https:\/\/noticel.com\/en\/elecciones\/20200928\/romero-presenta-su-plan-de-seguridad-y-proteccion-ciudadana-para-san-juan\/\" id=\"link-af721c1967d05c3d4ad82a7109cb63cc\">Miguel Romero Lugo<\/a>, del Partido Nuevo Progresista, Ferrer Santiago reitera su apoyo incondicional a la senadora L\u00f3pez Le\u00f3n.<\/p>\n<p>Su t\u00edo Eduardo Ferrer R\u00edos piensa igual.<\/p>\n<p>El abogado y exrepresentante afirm\u00f3 que las expresiones de su madre recogen el afecto que su familia siente por Romero Lugo, quien present\u00f3 el proyecto de Ley que permiti\u00f3 que el Centro Comprensivo de C\u00e1ncer lleve el nombre del representante H\u00e9ctor Ferrer R\u00edos. <a href=\"https:\/\/noticel.com\/en\/ppd\/politica\/ahora\/top-stories\/20181106\/fallece-el-expresidente-del-ppd-hector-ferrer\/\" id=\"link-90c4208d1fb483af386c6bca78813489\">El abogado y pol\u00edtico muri\u00f3 el 5 de noviembre de 2018.<\/a><\/p><div class=\"notic-content-middle\" id=\"notic-223592409\"><div class=\"notic-adlabel\">Advertisements<\/div><a data-no-instant=\"1\" href=\"https:\/\/www.asegurate-bien.com\/\" rel=\"noopener\" class=\"a2t-link\" target=\"_blank\" aria-label=\"Acodese-Adaptaciones-Noticel-300&#215;250\"><img loading=\"lazy\" decoding=\"async\" src=\"https:\/\/cdn.noticel.com\/2026\/05\/30094423\/Acodese-Adaptaciones-Noticel-300x250-1.jpg\" alt=\"\"  srcset=\"https:\/\/cdn.noticel.com\/2026\/05\/30094423\/Acodese-Adaptaciones-Noticel-300x250-1.jpg 300w, https:\/\/cdn.noticel.com\/2026\/05\/30094423\/Acodese-Adaptaciones-Noticel-300x250-1-14x12.jpg 14w\" sizes=\"(max-width: 300px) 100vw, 300px\" width=\"300\" height=\"250\"   \/><\/a><\/div>\n<p>Pero en declaraciones a Telemundo, Eduardo Ferrer R\u00edos advirti\u00f3 que ese apoyo no se debe confundir con un cambio de bando. Asegur\u00f3 que su familia es popular y votar\u00e1 por el partido fundado por Luis Mu\u00f1oz Mar\u00edn.<\/p>\n<p>A tres semanas de las elecciones generales, el inesperado endoso de Maritza R\u00edos llam\u00f3 la atenci\u00f3n en c\u00edrculos pol\u00edticos.<\/p>\n<p>\u00abMiguel es una persona buena, de buenos sentimientos&#8230; Miguel, acu\u00e9rdate, tienes que ser alcalde para todas las personas\u00bb, le dice la mujer a Romero Lugo en el anuncio.<\/p>\n<p>Pero ayer en el programa Jugando Pelota Dura en Univisi\u00f3n, Maritza R\u00edos aprovech\u00f3 para aclarar que su familia es popular y que votar\u00e1 por <a href=\"https:\/\/noticel.com\/en\/ppd\/politica\/ahora\/20200902\/rossana-lopez-presenta-sus-6-prioridades-para-san-juan\/\" id=\"link-528dc6c019426e8af3e73e97faff1bfa\">L\u00f3pez Le\u00f3n<\/a>.<\/p>\n<p>En el a\u00f1o 2000, H\u00e9ctor Ferrer R\u00edos result\u00f3 electo por primera vez como representante del PPD por el Distrito 29, que comprende los pueblos de Cayey, Cidra y Comer\u00edo. Durante los a\u00f1os 2001 al 2004 se desempe\u00f1\u00f3 como portavoz alterno de la mayor\u00eda. En el a\u00f1o 2004, revalid\u00f3 en la C\u00e1mara baja pero como Representante por Acumulaci\u00f3n, el mismo esca\u00f1o que ahora su hijo H\u00e9ctor Enrique trata de conquistar en su incursi\u00f3n en el mundo de la pol\u00edtica.<\/p>","protected":false},"excerpt":{"rendered":"<p>Contrario a la matriarca de la familia, el novato pol\u00edtico expres\u00f3 su apoyo total a la candidata popular a la alcald\u00eda de San Juan. H\u00e9ctor Enrique Ferrer Santiago lo tiene claro. No titubea al escuchar la pregunta. Solo enuncia cuatro palabras. \u201cEstoy con Rossana L\u00f3pez\u201d, afirma al otro lado del tel\u00e9fono. El candidato a representante [&hellip;]<\/p>","protected":false},"author":19,"featured_media":458815,"comment_status":"closed","ping_status":"closed","sticky":false,"template":"","format":"standard","meta":{"_acf_changed":false,"_monsterinsights_skip_tracking":false,"ep_exclude_from_search":false,"footnotes":""},"categories":[10,7,2],"tags":[],"class_list":["post-151757","post","type-post","status-publish","format-standard","has-post-thumbnail","hentry","category-elecciones-2020","category-politica","category-ultima-hora"],"acf":[],"aioseo_notices":[],"_links":{"self":[{"href":"https:\/\/noticel.com\/en\/wp-json\/wp\/v2\/posts\/151757","targetHints":{"allow":["GET"]}}],"collection":[{"href":"https:\/\/noticel.com\/en\/wp-json\/wp\/v2\/posts"}],"about":[{"href":"https:\/\/noticel.com\/en\/wp-json\/wp\/v2\/types\/post"}],"author":[{"embeddable":true,"href":"https:\/\/noticel.com\/en\/wp-json\/wp\/v2\/users\/19"}],"replies":[{"embeddable":true,"href":"https:\/\/noticel.com\/en\/wp-json\/wp\/v2\/comments?post=151757"}],"version-history":[{"count":1,"href":"https:\/\/noticel.com\/en\/wp-json\/wp\/v2\/posts\/151757\/revisions"}],"predecessor-version":[{"id":458821,"href":"https:\/\/noticel.com\/en\/wp-json\/wp\/v2\/posts\/151757\/revisions\/458821"}],"wp:featuredmedia":[{"embeddable":true,"href":"https:\/\/noticel.com\/en\/wp-json\/wp\/v2\/media\/458815"}],"wp:attachment":[{"href":"https:\/\/noticel.com\/en\/wp-json\/wp\/v2\/media?parent=151757"}],"wp:term":[{"taxonomy":"category","embeddable":true,"href":"https:\/\/noticel.com\/en\/wp-json\/wp\/v2\/categories?post=151757"},{"taxonomy":"post_tag","embeddable":true,"href":"https:\/\/noticel.com\/en\/wp-json\/wp\/v2\/tags?post=151757"}],"curies":[{"name":"wp","href":"https:\/\/api.w.org\/{rel}","templated":true}]}}