{"id":151258,"date":"2020-09-30T09:39:00","date_gmt":"2020-09-30T13:39:00","guid":{"rendered":"https:\/\/www.noticel.com\/opiniones\/20200930\/la-soberania-de-charlie-anibal\/"},"modified":"2025-07-16T17:13:45","modified_gmt":"2025-07-16T17:13:45","slug":"la-soberania-de-charlie-anibal","status":"publish","type":"post","link":"https:\/\/noticel.com\/en\/opiniones\/20200930\/la-soberania-de-charlie-anibal\/","title":{"rendered":"La \u201csoberan\u00eda\u201d de Charlie\/An\u00edbal"},"content":{"rendered":"<h3>El representante del Partido Nuevo Progresista, Jos\u00e9 Aponte Hern\u00e1ndez, reflexiona sobre los beneficios de la estadidad, mientras rechaza el proyecto soberanista de la oposici\u00f3n.<\/h3>\n<p>Durante d\u00e9cadas he podido vivir los cambios de nombres que utilizan los promotores de la independencia para claramente expresar su respaldo y defenderla. Tambi\u00e9n he visto quienes, por temor a enfrentar la verdad, prefieren hacerlo utilizando otros  nombres, ocultando su intenci\u00f3n. Ese es el caso que nos ocupa por parte de Charlie Delgado Altieri y An\u00edbal Acevedo Vil\u00e1, quienes intentan buscar la separaci\u00f3n de Puerto Rico de los Estados Unidos hablando de soberan\u00eda.<\/p>\n<p>El \u201cstatus colonial\u201d que vive Puerto Rico, primero bajo Espa\u00f1a y desde 1898 bajo Estados Unidos, sigue siendo el mismo independientemente de lo que reclamen unos u otros. No obstante, hoy vivimos otra realidad, la mayor\u00eda del pueblo, el 53.7% seg\u00fan el Plebiscito del 2012, NO quiere mantener la condici\u00f3n territorial actual, la colonia conocida como el ELA.<\/p>\n<p>Ante la realidad que cada d\u00eda menos personas en Puerto Rico respaldan el statu quo, sus defensores, entre ellos Charlie Delgado Altieril y An\u00edbal Acevedo Vil\u00e1, de un p\u00e1jaro las dos alas, buscan disfrazar sus intenciones de la separaci\u00f3n. En ocasiones, presentan la alternativa de \u201clibre asociaci\u00f3n\u201d, que requiere la independencia primero, como fue el caso de \u201cCharlie\u201d cuando en 2014 llevaba charlas por la Isla sobre su visi\u00f3n de futuro para el pueblo. Tambi\u00e9n  hemos visto en esa l\u00ednea a su compa\u00f1ero de papeleta, el exacusado federal An\u00edbal Acevedo Vil\u00e1. Ante la p\u00e9rdida de respaldo a esa opci\u00f3n de la independencia de Puerto Rico, la que pone en juego nuestra atesorada ciudadan\u00eda americana y la uni\u00f3n permanente con Estados Unidos, hoy se esconden tras el t\u00e9rmino soberanistas.<\/p>\n<p>\u201cLa mona aunque se vista de seda mona se queda\u201d e  independientemente del nombre que quieran usar Charlie y An\u00edbal, lo que quieren es la separaci\u00f3n. Ellos mismos se descubren cuando van al extremo de decir que quieren una relaci\u00f3n como las islas del pac\u00edfico, las cuales mantienen acuerdos de \u201clibre asociaci\u00f3n\u201d con Estados Unidos.<\/p>\n<p>No obstante, por el miedo a decir lo que proponen, ante la falta de valor para decir la verdad, de hablarle claro al pueblo, siguen tratando de enga\u00f1ar. De hecho, de ese binomio, el que conoce Washington por haber estado all\u00ed, que sue\u00f1a con volver para vivir la estadidad, aunque no quiere que t\u00fa tengas las mismas oportunidades, sigue insistiendo en un ELA mejorado que no explica. Se olvida que existen m\u00faltiples instancias donde el Congreso, el Tribunal Supremo y el Secretario de Justicia federal,  el \u201cTask Force\u201d de Casa Blanca y comisiones del Congreso han expresado que no es posible. Como dijera el presidente de la Comisi\u00f3n de Energ\u00eda y Recursos Naturales del Senado federal en el 2013, Ron Wyden, y cito: \u201cAlgunos contin\u00faan defendiendo un ELA mejorado como opci\u00f3n viable. No lo es. Insistir en apoyar esta opci\u00f3n, a pesar de haber sido declarada incompatible con la Constituci\u00f3n de los Estados Unidos  por el Departamento de Justicia y haber sido rechazada por el liderato bipartidista de esta Comisi\u00f3n, por la C\u00e1mara, por las administraciones de Clinton, Bush y Obama, socava la soluci\u00f3n del estatus de Puerto Rico.\u201d<\/p>\n<p>Pero a\u00fan, teniendo la evidencia en tantas ocasiones, siguen hablando An\u00edbal y Charlie del famoso ELA mejorado que nadie conoce, entiende o acepta. Lo de este binomio es tratar de mantenerse administrando la colonia. Durante el debate de la primaria de los aspirantes populares a la gobernaci\u00f3n, todos daban como soluci\u00f3n a los problemas de Puerto Rico buscar m\u00e1s fondos federales. Hip\u00f3critas, no quieren la admisi\u00f3n del territorio, pero si los fondos, los billetes verdes. Como han podido observar en nuestros planteamientos, la \u201csoberan\u00eda de Charlie\/An\u00edbal\u201d no es otra cosa que la independencia disfrazada de: ELA mejorado, nuevo ELA o como quieran llamarle. La realidad jur\u00eddica en el marco constitucional nacional o internacional es la independencia directa o  bajo la libre asociaci\u00f3n.<\/p>\n<p>Pueblo, no se deje enga\u00f1ar con palabras, frases, montajes publicitarios; tu estabilidad y futuro es la uni\u00f3n permanente y la ciudadan\u00eda americana, que solo se consiguen bajo la estadidad.<\/p>","protected":false},"excerpt":{"rendered":"<p>El representante del Partido Nuevo Progresista, Jos\u00e9 Aponte Hern\u00e1ndez, reflexiona sobre los beneficios de la estadidad, mientras rechaza el proyecto soberanista de la oposici\u00f3n. Durante d\u00e9cadas he podido vivir los cambios de nombres que utilizan los promotores de la independencia para claramente expresar su respaldo y defenderla. Tambi\u00e9n he visto quienes, por temor a enfrentar [&hellip;]<\/p>","protected":false},"author":0,"featured_media":461926,"comment_status":"closed","ping_status":"closed","sticky":false,"template":"","format":"standard","meta":{"_acf_changed":false,"_monsterinsights_skip_tracking":false,"ep_exclude_from_search":false,"footnotes":""},"categories":[48],"tags":[],"class_list":["post-151258","post","type-post","status-publish","format-standard","has-post-thumbnail","hentry","category-opiniones"],"acf":[],"aioseo_notices":[],"_links":{"self":[{"href":"https:\/\/noticel.com\/en\/wp-json\/wp\/v2\/posts\/151258","targetHints":{"allow":["GET"]}}],"collection":[{"href":"https:\/\/noticel.com\/en\/wp-json\/wp\/v2\/posts"}],"about":[{"href":"https:\/\/noticel.com\/en\/wp-json\/wp\/v2\/types\/post"}],"replies":[{"embeddable":true,"href":"https:\/\/noticel.com\/en\/wp-json\/wp\/v2\/comments?post=151258"}],"version-history":[{"count":1,"href":"https:\/\/noticel.com\/en\/wp-json\/wp\/v2\/posts\/151258\/revisions"}],"predecessor-version":[{"id":461931,"href":"https:\/\/noticel.com\/en\/wp-json\/wp\/v2\/posts\/151258\/revisions\/461931"}],"wp:featuredmedia":[{"embeddable":true,"href":"https:\/\/noticel.com\/en\/wp-json\/wp\/v2\/media\/461926"}],"wp:attachment":[{"href":"https:\/\/noticel.com\/en\/wp-json\/wp\/v2\/media?parent=151258"}],"wp:term":[{"taxonomy":"category","embeddable":true,"href":"https:\/\/noticel.com\/en\/wp-json\/wp\/v2\/categories?post=151258"},{"taxonomy":"post_tag","embeddable":true,"href":"https:\/\/noticel.com\/en\/wp-json\/wp\/v2\/tags?post=151258"}],"curies":[{"name":"wp","href":"https:\/\/api.w.org\/{rel}","templated":true}]}}