{"id":150877,"date":"2020-09-20T10:26:00","date_gmt":"2020-09-20T14:26:00","guid":{"rendered":"https:\/\/www.noticel.com\/la-calle\/policiacas\/20200920\/otro-asesinato-de-una-mujer-en-un-incidente-de-violencia-de-genero\/"},"modified":"2025-07-16T17:48:18","modified_gmt":"2025-07-16T17:48:18","slug":"otro-asesinato-de-una-mujer-en-un-incidente-de-violencia-de-genero","status":"publish","type":"post","link":"https:\/\/noticel.com\/en\/noticias\/la-calle\/20200920\/otro-asesinato-de-una-mujer-en-un-incidente-de-violencia-de-genero\/","title":{"rendered":"Otro asesinato de una mujer en un incidente de violencia de g\u00e9nero"},"content":{"rendered":"<h3>Una vecina report\u00f3 el incidente tras escuchar un disparo.<\/h3>\n<p>Un hombre asesin\u00f3 a su expareja de un disparo y luego se quit\u00f3 la vida, en un incidente de violencia de g\u00e9nero reportado a eso de las 4:30 de la tarde del s\u00e1bado, en el edificio 25, apartamento 35 del Residencial S\u00e1balos Garden en Mayag\u00fcez, inform\u00f3 la Polic\u00eda.<\/p>\n<p>Una llamada de una vecina alert\u00f3 a personal del Distrito Policiaco, indicando que oy\u00f3 una detonaci\u00f3n de un arma de fuego y luego escuch\u00f3 a una persona llorando y otra detonaci\u00f3n.<\/p>\n<p>Cuando fue al apartamento encontr\u00f3 dos cuerpos en el piso, los cuales correspond\u00edan a la residente del apartamento y su ex pareja, que hab\u00eda llegado minutos antes.<\/p><div class=\"notic-content-middle\" id=\"notic-3213781535\"><div class=\"notic-adlabel\">Advertisements<\/div><a data-no-instant=\"1\" href=\"https:\/\/www.asegurate-bien.com\/\" rel=\"noopener\" class=\"a2t-link\" target=\"_blank\" aria-label=\"Acodese-Adaptaciones-Noticel-300&#215;250\"><img loading=\"lazy\" decoding=\"async\" src=\"https:\/\/cdn.noticel.com\/2026\/05\/30094423\/Acodese-Adaptaciones-Noticel-300x250-1.jpg\" alt=\"\"  srcset=\"https:\/\/cdn.noticel.com\/2026\/05\/30094423\/Acodese-Adaptaciones-Noticel-300x250-1.jpg 300w, https:\/\/cdn.noticel.com\/2026\/05\/30094423\/Acodese-Adaptaciones-Noticel-300x250-1-14x12.jpg 14w\" sizes=\"(max-width: 300px) 100vw, 300px\" width=\"300\" height=\"250\"   \/><\/a><\/div>\n<p>Estos fueron identificados como Kin Marrero Medina de 30 a\u00f1os residente en la Barriada Mineral en Mayag\u00fcez y Franchesca Ayala V\u00e9lez de 28 residente en el lugar de los hechos.<\/p>\n<p>Las autoridades informaron preliminarmente que estaban separados y hab\u00edan procreado 2 hijos.<\/p>\n<p>Personal de Homicidios y Servicios T\u00e9cnicos del CIC de Mayag\u00fcez, en uni\u00f3n al fiscal de turno investigaron el incidente.<\/p>","protected":false},"excerpt":{"rendered":"<p>Una vecina report\u00f3 el incidente tras escuchar un disparo. Un hombre asesin\u00f3 a su expareja de un disparo y luego se quit\u00f3 la vida, en un incidente de violencia de g\u00e9nero reportado a eso de las 4:30 de la tarde del s\u00e1bado, en el edificio 25, apartamento 35 del Residencial S\u00e1balos Garden en Mayag\u00fcez, inform\u00f3 [&hellip;]<\/p>","protected":false},"author":0,"featured_media":464584,"comment_status":"closed","ping_status":"closed","sticky":false,"template":"","format":"standard","meta":{"_acf_changed":false,"_monsterinsights_skip_tracking":false,"ep_exclude_from_search":false,"footnotes":""},"categories":[12,15],"tags":[],"class_list":["post-150877","post","type-post","status-publish","format-standard","has-post-thumbnail","hentry","category-la-calle","category-policiacas"],"acf":[],"aioseo_notices":[],"_links":{"self":[{"href":"https:\/\/noticel.com\/en\/wp-json\/wp\/v2\/posts\/150877","targetHints":{"allow":["GET"]}}],"collection":[{"href":"https:\/\/noticel.com\/en\/wp-json\/wp\/v2\/posts"}],"about":[{"href":"https:\/\/noticel.com\/en\/wp-json\/wp\/v2\/types\/post"}],"replies":[{"embeddable":true,"href":"https:\/\/noticel.com\/en\/wp-json\/wp\/v2\/comments?post=150877"}],"version-history":[{"count":1,"href":"https:\/\/noticel.com\/en\/wp-json\/wp\/v2\/posts\/150877\/revisions"}],"predecessor-version":[{"id":464587,"href":"https:\/\/noticel.com\/en\/wp-json\/wp\/v2\/posts\/150877\/revisions\/464587"}],"wp:featuredmedia":[{"embeddable":true,"href":"https:\/\/noticel.com\/en\/wp-json\/wp\/v2\/media\/464584"}],"wp:attachment":[{"href":"https:\/\/noticel.com\/en\/wp-json\/wp\/v2\/media?parent=150877"}],"wp:term":[{"taxonomy":"category","embeddable":true,"href":"https:\/\/noticel.com\/en\/wp-json\/wp\/v2\/categories?post=150877"},{"taxonomy":"post_tag","embeddable":true,"href":"https:\/\/noticel.com\/en\/wp-json\/wp\/v2\/tags?post=150877"}],"curies":[{"name":"wp","href":"https:\/\/api.w.org\/{rel}","templated":true}]}}