{"id":150179,"date":"2020-09-02T11:41:00","date_gmt":"2020-09-02T15:41:00","guid":{"rendered":"https:\/\/www.noticel.com\/ahora\/politica\/ppd\/20200902\/rossana-lopez-presenta-sus-6-prioridades-para-san-juan\/"},"modified":"2025-07-16T19:19:05","modified_gmt":"2025-07-16T19:19:05","slug":"rossana-lopez-presenta-sus-6-prioridades-para-san-juan","status":"publish","type":"post","link":"https:\/\/noticel.com\/en\/ultima-hora\/20200902\/rossana-lopez-presenta-sus-6-prioridades-para-san-juan\/","title":{"rendered":"Rossana L\u00f3pez presenta sus 6 prioridades para San Juan"},"content":{"rendered":"<h3>Busca ser la alcaldesa de la Ciudad Capital.<\/h3>\n<p>La senadora y candidata a la alcald\u00eda de San Juan por el Partido Popular Democr\u00e1tico (PPD), Rossana L\u00f3pez Le\u00f3n, anunci\u00f3 hoy, mi\u00e9rcoles, el plan de trabajo que iniciar\u00e1 en ese ayuntamiento si sale electa en los comicios generales de noviembre.<\/p>\n<p>Seg\u00fan indic\u00f3 en una comunicaci\u00f3n escrita, trabajar\u00e1 con seis temas principalmente, entre los cuales cobran protagonista la pandemia por coronavirus COVID-19 y los negocios.<\/p>\n<p>Los temas que busca trabajar la ahora Senadora del PPD se resumen en:<\/p>\n<p>&#8211; Acci\u00f3n R\u00e1pida: donde se atender\u00e1 la situaci\u00f3n de los negocios ante la realidad de la pandemia del Covid-19, aplicando distintas estrategias trabajadas en conjunto con la empresa privada y las organizaciones sin fines de lucro.<\/p>\n<p>\u00abLa visi\u00f3n es que San Juan tenga un Municipio aliado y facilitador de los inversionistas y empresarios de todos los niveles\u00bb, indic\u00f3.<\/p><div class=\"notic-content-middle\" id=\"notic-1491102743\"><div class=\"notic-adlabel\">Advertisements<\/div><a data-no-instant=\"1\" href=\"https:\/\/www.asegurate-bien.com\/\" rel=\"noopener\" class=\"a2t-link\" target=\"_blank\" aria-label=\"Acodese-Adaptaciones-Noticel-300&#215;600\"><img loading=\"lazy\" decoding=\"async\" src=\"https:\/\/cdn.noticel.com\/2026\/05\/30094652\/Acodese-Adaptaciones-Noticel-300x600-1.jpg\" alt=\"\"  srcset=\"https:\/\/cdn.noticel.com\/2026\/05\/30094652\/Acodese-Adaptaciones-Noticel-300x600-1.jpg 300w, https:\/\/cdn.noticel.com\/2026\/05\/30094652\/Acodese-Adaptaciones-Noticel-300x600-1-150x300.jpg 150w, https:\/\/cdn.noticel.com\/2026\/05\/30094652\/Acodese-Adaptaciones-Noticel-300x600-1-6x12.jpg 6w\" sizes=\"(max-width: 300px) 100vw, 300px\" width=\"300\" height=\"600\"   \/><\/a><\/div>\n<p>&#8211; Fuerza Trabajadora de Primera: donde el \u00e9nfasis estar\u00e1 en la reeducaci\u00f3n de la fuerza trabajadora, adaptada a las nuevas realidades.<\/p>\n<p>&#8211; Est\u00edmulo a la innovaci\u00f3n y la tecnolog\u00eda: mediante el apoyo al empresario local y las nuevas incubadoras de negocios que han surgido.<\/p>\n<p>&#8211; Impulso al empleo y autoempleo: con la creaci\u00f3n del Departamento del Trabajo del Municipio de San Juan, promover el empresarismo mediante la facilitaci\u00f3n de apertura de nuevos negocios y desarrollo de los actuales. Esto incluye la creaci\u00f3n del Instituto de Cooperativas de San Juan.<\/p>\n<p>&#8211; Calidad de vida en San Juan: mediante el fomento de mejores niveles de salud, seguridad y acceso a vivienda.<\/p>\n<p>&#8211; Responsabilidad Social Empresarial: donde se fomente entre las empresas los m\u00e1s altos principios de responsabilidad social empresarial \u00abpara que, juntos, hagamos un frente s\u00f3lido que combata la pobreza, el hambre y las inequidades en la Ciudad Capital\u00bb, sostuvo tambi\u00e9n.<\/p>","protected":false},"excerpt":{"rendered":"<p>Busca ser la alcaldesa de la Ciudad Capital. La senadora y candidata a la alcald\u00eda de San Juan por el Partido Popular Democr\u00e1tico (PPD), Rossana L\u00f3pez Le\u00f3n, anunci\u00f3 hoy, mi\u00e9rcoles, el plan de trabajo que iniciar\u00e1 en ese ayuntamiento si sale electa en los comicios generales de noviembre. Seg\u00fan indic\u00f3 en una comunicaci\u00f3n escrita, trabajar\u00e1 [&hellip;]<\/p>","protected":false},"author":0,"featured_media":469986,"comment_status":"closed","ping_status":"closed","sticky":false,"template":"","format":"standard","meta":{"_acf_changed":false,"_monsterinsights_skip_tracking":false,"ep_exclude_from_search":false,"footnotes":""},"categories":[7,2],"tags":[],"class_list":["post-150179","post","type-post","status-publish","format-standard","has-post-thumbnail","hentry","category-politica","category-ultima-hora"],"acf":[],"aioseo_notices":[],"_links":{"self":[{"href":"https:\/\/noticel.com\/en\/wp-json\/wp\/v2\/posts\/150179","targetHints":{"allow":["GET"]}}],"collection":[{"href":"https:\/\/noticel.com\/en\/wp-json\/wp\/v2\/posts"}],"about":[{"href":"https:\/\/noticel.com\/en\/wp-json\/wp\/v2\/types\/post"}],"replies":[{"embeddable":true,"href":"https:\/\/noticel.com\/en\/wp-json\/wp\/v2\/comments?post=150179"}],"version-history":[{"count":1,"href":"https:\/\/noticel.com\/en\/wp-json\/wp\/v2\/posts\/150179\/revisions"}],"predecessor-version":[{"id":469989,"href":"https:\/\/noticel.com\/en\/wp-json\/wp\/v2\/posts\/150179\/revisions\/469989"}],"wp:featuredmedia":[{"embeddable":true,"href":"https:\/\/noticel.com\/en\/wp-json\/wp\/v2\/media\/469986"}],"wp:attachment":[{"href":"https:\/\/noticel.com\/en\/wp-json\/wp\/v2\/media?parent=150179"}],"wp:term":[{"taxonomy":"category","embeddable":true,"href":"https:\/\/noticel.com\/en\/wp-json\/wp\/v2\/categories?post=150179"},{"taxonomy":"post_tag","embeddable":true,"href":"https:\/\/noticel.com\/en\/wp-json\/wp\/v2\/tags?post=150179"}],"curies":[{"name":"wp","href":"https:\/\/api.w.org\/{rel}","templated":true}]}}