{"id":149395,"date":"2020-08-14T08:49:00","date_gmt":"2020-08-14T12:49:00","guid":{"rendered":"https:\/\/www.noticel.com\/ahora\/elecciones\/top-stories\/tribunales\/20200814\/fundacion-pro-igualdad-demanda-al-secretario-de-estado\/"},"modified":"2025-07-16T20:40:12","modified_gmt":"2025-07-16T20:40:12","slug":"fundacion-pro-igualdad-demanda-al-secretario-de-estado","status":"publish","type":"post","link":"https:\/\/noticel.com\/en\/ultima-hora\/20200814\/fundacion-pro-igualdad-demanda-al-secretario-de-estado\/","title":{"rendered":"Fundaci\u00f3n Pro Igualdad demanda al Secretario de Estado"},"content":{"rendered":"<h3>Por la cancelaci\u00f3n del registro de entidades sin fines de lucro<\/h3>\n<p>El exdirector de la Autoridad de los Puertos y portavoz de la Fundaci\u00f3n Pro Igualdad, Inc. y Foundation for Progress, Inc., \u00c1lvaro Pilar Vilagr\u00e1n radic\u00f3 una demanda contra el Departamento de Estado de Puerto Rico y su secretario, Elmer Rom\u00e1n, por la cancelaci\u00f3n del registro de las entidades sin fines de lucro y la \u00abconsecuente violaci\u00f3n del derecho a la libre expresi\u00f3n y el derecho al debido proceso de ley que amparan a dichas entidades bajo la Constituci\u00f3n de los Estados Unidos\u00bb.<\/p>\n<p>La semana pasada, el Departamento de Estado determin\u00f3 que las corporaciones sin fines de lucro Fundaci\u00f3n Pro Igualdad, Inc. y Foundation For Progress, Inc., que donaron $250,000 al S\u00faper Pac Salvemos a Puerto Rico, que hace campa\u00f1a en contra de la gobernadora y candidata primarista Wanda V\u00e1zquez, fueron inscritas sin cumplir con los requisitos de la Ley General de Corporaciones por lo que son nulas.<\/p>\n<p>Una investigaci\u00f3n del Centro de Periodismo Investigativo revel\u00f3 hace una semana que este S\u00faper Pac fue registrado con sede en Virginia por un donante y allegado de Pedro Pierluisi, y que hace campa\u00f1a independiente en Puerto Rico.<\/p>\n<p>\u201cAntes que nada debemos de establecer que el Departamento de Estado cancel\u00f3 el registro de incorporaci\u00f3n de estas entidades sin mediar notificaci\u00f3n alguna sobre posibles defectos en el proceso de registro, violentando as\u00ed el debido proceso de ley que protege a todo individuo y entidad legal bajo la Constituci\u00f3n de los Estados Unidos. Este caso no es casualidad, se trata de la cancelaci\u00f3n del registro corporativo de dos entidades que donaron a un Comit\u00e9 de Acci\u00f3n Pol\u00edtica que ha estado pautando en los medios de comunicaci\u00f3n varios anuncios denunciando las fallas en la gesti\u00f3n de la gobernadora de Puerto Rico, Wanda V\u00e1zquez Garced y se querellaron ante el Contralor Electoral alegando violaciones a la Ley para la Fiscalizaci\u00f3n del Financiamiento de Campa\u00f1as Pol\u00edticas en Puerto Rico\u00bb, expres\u00f3 el licenciado Torres Viada en declaraciones escritas.<\/p>\n<p>\u00abDicha actuaci\u00f3n gubernamental tiene la intenci\u00f3n y\/o efecto de suprimir de manera ilegal el leg\u00edtimo ejercicio de libertad de expresi\u00f3n pol\u00edtica que ostentan las entidades demandantes, a tenor con el ordenamiento constitucional prevaleciente. Ante este hecho, la fundaci\u00f3n se ha visto obligada a denunciar lo que a todas luces es un evidente acto de persecuci\u00f3n en contra de esta entidad. Queremos dejar meridianamente establecido que Fundaci\u00f3n Pro Igualdad, Inc. cumpli\u00f3 con los requisitos y leyes aplicables para su incorporaci\u00f3n\u201d, agreg\u00f3.<\/p><div class=\"notic-content-middle\" id=\"notic-2746156005\"><div class=\"notic-adlabel\">Advertisements<\/div><a data-no-instant=\"1\" href=\"https:\/\/www.asegurate-bien.com\/\" rel=\"noopener\" class=\"a2t-link\" target=\"_blank\" aria-label=\"Acodese-Adaptaciones-Noticel-300&#215;250\"><img loading=\"lazy\" decoding=\"async\" src=\"https:\/\/cdn.noticel.com\/2026\/05\/30094423\/Acodese-Adaptaciones-Noticel-300x250-1.jpg\" alt=\"\"  srcset=\"https:\/\/cdn.noticel.com\/2026\/05\/30094423\/Acodese-Adaptaciones-Noticel-300x250-1.jpg 300w, https:\/\/cdn.noticel.com\/2026\/05\/30094423\/Acodese-Adaptaciones-Noticel-300x250-1-14x12.jpg 14w\" sizes=\"(max-width: 300px) 100vw, 300px\" width=\"300\" height=\"250\"   \/><\/a><\/div>\n<p>Lea tambi\u00e9n: <a href=\"https:\/\/noticel.com\/en\/politica\/top-stories\/20200805\/corporaciones-que-donaron-a-salvemos-a-puerto-rico-se-registraron-ilegalmente\/\" id=\"link-8c0974ca7b10f91b2a557d39d4a86db1\" target=\"_blank\">Corporaciones que donaron a Salvemos a Puerto Rico se registraron ilegalmente<\/a><\/p>\n<p>Por su parte, Pilar Vilagr\u00e1n sostuvo que \u201csi el Departamento de Estado hubiera tenido dudas sobre la informaci\u00f3n que se nos requiri\u00f3, el proceso normal es que se nos notificara de manera inmediata y se otorgara un t\u00e9rmino para subsanar administrativamente cualquier alegada falla. Evidentemente eso no ocurri\u00f3. Lo que s\u00ed ocurri\u00f3 es que a 4 d\u00edas de un evento electoral primarista se filtr\u00f3 a los medios de comunicaci\u00f3n la anulaci\u00f3n de dos entidades sin fines de lucro que se han denunciado las mentiras de la gobernadora V\u00e1zquez Garced y los malos manejos de su Administraci\u00f3n\u201d.<\/p>\n<p>\u201cPrecisamente la forma en que el gobierno de Puerto Rico ha manejado este asunto valida nuestro argumento de que la gobernadora, Wanda V\u00e1zquez, utiliza el aparato del Estado para perseguir. La persecuci\u00f3n pol\u00edtica es lo que lleva a la creaci\u00f3n de entes como estas fundaciones mediante las cuales los ciudadanos se puedan expresar sin que puedan ser perseguidos por el gobierno de turno. El tr\u00e1mite de cancelaci\u00f3n llevado a cabo por parte del Departamento de Estado no solo es inusual sino que es ilegal y violenta el derecho constitucional a la libre expresi\u00f3n y al debido proceso de ley. Hoy cancelan ilegalmente dos entidades sin fines de lucro que se han expresado en contra de la gobernadora mediante donativos legales y leg\u00edtimos a un Comit\u00e9 de Acci\u00f3n Pol\u00edtica debidamente registrado a nivel federal. Ma\u00f1ana podr\u00edan cancelar el registro, la licencia o los permisos de cualquier medio, uni\u00f3n, empresa, grupo o individuo que se exprese en contra de la Gobernadora Wanda V\u00e1zquez Garced. Puerto Rico No es un r\u00e9gimen totalitario aun cuando la Gobernadora act\u00fae como una dictadora fascista utilizando el aparato del Estado para atropellar a todo aquel piense diferente a ella o denuncia sus desaciertos\u201d, concluy\u00f3.<\/p>\n<p>Lea tambi\u00e9n: <a href=\"https:\/\/noticel.com\/en\/politica\/ahora\/20200805\/jorge-davila-pide-continuar-investigando-corporaciones-fantasmas-presuntamente-ligadas-a-pierluisi\/\" id=\"link-89783efa0e1c928eff294136bf029d95\" target=\"_blank\">Jorge D\u00e1vila pide continuar investigando corporaciones fantasmas presuntamente ligadas a Pierluisi<\/a><\/p>\n<p><a href=\"https:\/\/noticel.com\/en\/article\/20200805\/abogado-tilda-de-incorrecta-determinacion-de-estado-sobre-corporaciones-que-donaron-a-pac-contra-w\/\" id=\"link-8240f5217277c97c9707c973fc8a74b3\" target=\"_blank\">Abogado tilda de \u00abincorrecta\u00bb determinaci\u00f3n de Estado sobre corporaciones que donaron a PAC contra Wanda V\u00e1zquez<\/a><\/p>","protected":false},"excerpt":{"rendered":"<p>Por la cancelaci\u00f3n del registro de entidades sin fines de lucro El exdirector de la Autoridad de los Puertos y portavoz de la Fundaci\u00f3n Pro Igualdad, Inc. y Foundation for Progress, Inc., \u00c1lvaro Pilar Vilagr\u00e1n radic\u00f3 una demanda contra el Departamento de Estado de Puerto Rico y su secretario, Elmer Rom\u00e1n, por la cancelaci\u00f3n del [&hellip;]<\/p>","protected":false},"author":0,"featured_media":473707,"comment_status":"closed","ping_status":"closed","sticky":false,"template":"","format":"standard","meta":{"_acf_changed":false,"_monsterinsights_skip_tracking":false,"ep_exclude_from_search":false,"footnotes":""},"categories":[10,13,2],"tags":[],"class_list":["post-149395","post","type-post","status-publish","format-standard","has-post-thumbnail","hentry","category-elecciones-2020","category-tribunales","category-ultima-hora"],"acf":[],"aioseo_notices":[],"_links":{"self":[{"href":"https:\/\/noticel.com\/en\/wp-json\/wp\/v2\/posts\/149395","targetHints":{"allow":["GET"]}}],"collection":[{"href":"https:\/\/noticel.com\/en\/wp-json\/wp\/v2\/posts"}],"about":[{"href":"https:\/\/noticel.com\/en\/wp-json\/wp\/v2\/types\/post"}],"replies":[{"embeddable":true,"href":"https:\/\/noticel.com\/en\/wp-json\/wp\/v2\/comments?post=149395"}],"version-history":[{"count":1,"href":"https:\/\/noticel.com\/en\/wp-json\/wp\/v2\/posts\/149395\/revisions"}],"predecessor-version":[{"id":473709,"href":"https:\/\/noticel.com\/en\/wp-json\/wp\/v2\/posts\/149395\/revisions\/473709"}],"wp:featuredmedia":[{"embeddable":true,"href":"https:\/\/noticel.com\/en\/wp-json\/wp\/v2\/media\/473707"}],"wp:attachment":[{"href":"https:\/\/noticel.com\/en\/wp-json\/wp\/v2\/media?parent=149395"}],"wp:term":[{"taxonomy":"category","embeddable":true,"href":"https:\/\/noticel.com\/en\/wp-json\/wp\/v2\/categories?post=149395"},{"taxonomy":"post_tag","embeddable":true,"href":"https:\/\/noticel.com\/en\/wp-json\/wp\/v2\/tags?post=149395"}],"curies":[{"name":"wp","href":"https:\/\/api.w.org\/{rel}","templated":true}]}}