{"id":148940,"date":"2020-08-03T21:30:00","date_gmt":"2020-08-04T01:30:00","guid":{"rendered":"https:\/\/www.noticel.com\/ahora\/tribunales\/20200803\/tribunal-acoge-peticion-de-espacios-abiertos-contra-la-cee\/"},"modified":"2025-07-16T21:24:00","modified_gmt":"2025-07-16T21:24:00","slug":"tribunal-acoge-peticion-de-espacios-abiertos-contra-la-cee","status":"publish","type":"post","link":"https:\/\/noticel.com\/en\/ultima-hora\/20200803\/tribunal-acoge-peticion-de-espacios-abiertos-contra-la-cee\/","title":{"rendered":"Tribunal acoge petici\u00f3n de Espacios Abiertos contra la CEE"},"content":{"rendered":"<h3>La CEE tiene 48 horas para mostrar causa por la cual no deber\u00eda fallar a favor de Espacios Abiertos en caso de solicitud de informaci\u00f3n p\u00fablica.<\/h3>\n<p>El juez Anthony Cuevas, del Tribunal de Primera Instancia de San Juan, di\u00f3 hoy un plazo de 48 horas a la Comisi\u00f3n Estatal de Elecciones (CEE) para contestar por qu\u00e9 no deber\u00eda fallar a favor de la solicitud de informaci\u00f3n que hizo Espacios Abiertos (EA) en junio y una moci\u00f3n para reducir el t\u00e9rmino de entrega de los documentos.<\/p>\n<p>La directora ejecutiva de EA, Cecille Blondet Passalacqua, indic\u00f3 que, ante la inacci\u00f3n de la CEE, la organizaci\u00f3n radic\u00f3 un escrito ante el tribunal el pasado viernes, 31 de julio, para hacer valer el derecho constitucional de acceso a informaci\u00f3n p\u00fablica que le asiste a todos los ciudadanos y ciudadanas de Puerto Rico.<\/p>\n<p>Dijo que la petici\u00f3n al foro judicial se hizo de conformidad con el procedimiento que establece la Ley de Transparencia y Procedimiento Expedito para Informaci\u00f3n P\u00fablica, Ley N\u00fam. 141 de 1 de agosto de 2019.  Explic\u00f3 que ante la inminencia de la primarias, Espacios Abiertos tambi\u00e9n solicit\u00f3 que se acorte el t\u00e9rmino de 10 d\u00edas que establece la ley para contestar.<\/p>\n<p>Blondet Passalacqua se mostr\u00f3 complacida con la agilidad con la que el tribunal acogi\u00f3 ambas peticiones que hiciera la organizaci\u00f3n, aunque lament\u00f3 que haya que llegar y ocupar al foro judicial con estas situaciones.<\/p>\n<p>\u201cNo hay ninguna raz\u00f3n v\u00e1lida de la CEE para impedir el acceso a informaci\u00f3n que debe ser p\u00fablica, como lo son las fotograf\u00edas oficiales que se utilizar\u00e1n en las papeletas para identificar a los candidatos y candidatas.  Es un contrasentido que la propia agencia que debe promover el ejercicio de los derechos democr\u00e1ticos de los ciudadanos y ciudadanas de este pa\u00eds a trav\u00e9s del voto,  limite el derecho de todos y todas a conocer, con su nombre y su foto, qui\u00e9nes son las personas que aspiran a representar al pueblo. Tener que llegar, una vez m\u00e1s hasta el tribunal para hacer valer nuestro derecho de acceso a informaci\u00f3n p\u00fablica es muestra de que en Puerto Rico prevalece una cultura de opacidad por parte del gobierno, sus agencias y sus funcionarios\u201d, puntualiz\u00f3 Blondet Passalacqua en declaraciones escritas.<\/p><div class=\"notic-content-middle\" id=\"notic-1458922949\"><div class=\"notic-adlabel\">Advertisements<\/div><a data-no-instant=\"1\" href=\"https:\/\/www.asegurate-bien.com\/\" rel=\"noopener\" class=\"a2t-link\" target=\"_blank\" aria-label=\"Acodese-Adaptaciones-Noticel-300&#215;600\"><img loading=\"lazy\" decoding=\"async\" src=\"https:\/\/cdn.noticel.com\/2026\/05\/30094652\/Acodese-Adaptaciones-Noticel-300x600-1.jpg\" alt=\"\"  srcset=\"https:\/\/cdn.noticel.com\/2026\/05\/30094652\/Acodese-Adaptaciones-Noticel-300x600-1.jpg 300w, https:\/\/cdn.noticel.com\/2026\/05\/30094652\/Acodese-Adaptaciones-Noticel-300x600-1-150x300.jpg 150w, https:\/\/cdn.noticel.com\/2026\/05\/30094652\/Acodese-Adaptaciones-Noticel-300x600-1-6x12.jpg 6w\" sizes=\"(max-width: 300px) 100vw, 300px\" width=\"300\" height=\"600\"   \/><\/a><\/div>\n<p>Las fotograf\u00edas de los candidatos y aspirantes a candidatos es el \u00fanico elemento que falta en la plataforma QuienMeRepresentaPR.com, edici\u00f3n Elecciones 2020, que desarroll\u00f3 Espacios Abiertos y que est\u00e1 accesible desde la semana pasada para que las personas, utilizando su c\u00f3digo postal, puedan ver y conocer m\u00e1s sobre todos los candidatos y candidatas que aspiran a representarnos a nivel municipal, estatal y federal como funcionarios electos a partir de enero 2021.<\/p>\n<p>Actualmente, para las primarias y elecciones generales,  hay casi 700 personas postul\u00e1ndose para ocupar 158 esca\u00f1os.  La oferta de aspirantes es amplia, ya que m\u00e1s que cuadruplica los esca\u00f1os disponibles.  Si a los 158 esca\u00f1os a\u00f1adimos los 888 adicionales que suponen las legislaturas municipales, en noviembre se eligen sobre 1,000 personas para representar a la gente.<\/p>\n<p>\u201cLa participaci\u00f3n pol\u00edtica es reconocida como un derecho humano en la Declaraci\u00f3n Universal de las Naciones Unidas.  Participar es nuestro derecho.  Informarnos sobre los candidatos y candidatas antes de ejercer el derecho al voto, es nuestro deber.  Para seleccionar a las personas que mejor nos representan, la gente necesita llegar a la caseta de votaci\u00f3n armada de informaci\u00f3n\u201d, expres\u00f3 la portavoz.<\/p>\n<p>\u00abQuienMeRepresentaPR.com ofrece a cada elector la oportunidad de acceder en un solo lugar informaci\u00f3n sobre las casi 700 personas que aspiran a representarnos a partir de enero. Como organizaci\u00f3n no promovemos ni endosamos ning\u00fan candidato, partido o colectividad.  Sabemos de la necesidad que hay de fortalecer la capacidad de todos y todas en Puerto Rico para actuar m\u00e1s eficazmente en el marco pol\u00edtico, social e institucional, y con esta herramienta buscamos promover la participaci\u00f3n electoral informada\u201d, sostuvo Blondet Passalacqua.<\/p>","protected":false},"excerpt":{"rendered":"<p>La CEE tiene 48 horas para mostrar causa por la cual no deber\u00eda fallar a favor de Espacios Abiertos en caso de solicitud de informaci\u00f3n p\u00fablica. El juez Anthony Cuevas, del Tribunal de Primera Instancia de San Juan, di\u00f3 hoy un plazo de 48 horas a la Comisi\u00f3n Estatal de Elecciones (CEE) para contestar por [&hellip;]<\/p>","protected":false},"author":0,"featured_media":475700,"comment_status":"closed","ping_status":"closed","sticky":false,"template":"","format":"standard","meta":{"_acf_changed":false,"_monsterinsights_skip_tracking":false,"ep_exclude_from_search":false,"footnotes":""},"categories":[13,2],"tags":[],"class_list":["post-148940","post","type-post","status-publish","format-standard","has-post-thumbnail","hentry","category-tribunales","category-ultima-hora"],"acf":[],"aioseo_notices":[],"_links":{"self":[{"href":"https:\/\/noticel.com\/en\/wp-json\/wp\/v2\/posts\/148940","targetHints":{"allow":["GET"]}}],"collection":[{"href":"https:\/\/noticel.com\/en\/wp-json\/wp\/v2\/posts"}],"about":[{"href":"https:\/\/noticel.com\/en\/wp-json\/wp\/v2\/types\/post"}],"replies":[{"embeddable":true,"href":"https:\/\/noticel.com\/en\/wp-json\/wp\/v2\/comments?post=148940"}],"version-history":[{"count":1,"href":"https:\/\/noticel.com\/en\/wp-json\/wp\/v2\/posts\/148940\/revisions"}],"predecessor-version":[{"id":475702,"href":"https:\/\/noticel.com\/en\/wp-json\/wp\/v2\/posts\/148940\/revisions\/475702"}],"wp:featuredmedia":[{"embeddable":true,"href":"https:\/\/noticel.com\/en\/wp-json\/wp\/v2\/media\/475700"}],"wp:attachment":[{"href":"https:\/\/noticel.com\/en\/wp-json\/wp\/v2\/media?parent=148940"}],"wp:term":[{"taxonomy":"category","embeddable":true,"href":"https:\/\/noticel.com\/en\/wp-json\/wp\/v2\/categories?post=148940"},{"taxonomy":"post_tag","embeddable":true,"href":"https:\/\/noticel.com\/en\/wp-json\/wp\/v2\/tags?post=148940"}],"curies":[{"name":"wp","href":"https:\/\/api.w.org\/{rel}","templated":true}]}}