{"id":148500,"date":"2020-07-22T19:58:00","date_gmt":"2020-07-22T23:58:00","guid":{"rendered":"https:\/\/www.noticel.com\/aee\/ahora\/top-stories\/20200722\/utier-se-manifiesta-frente-al-hotel-vanderbilt-donde-alegan-pernocta-personal-de-luma\/"},"modified":"2025-07-16T22:15:50","modified_gmt":"2025-07-16T22:15:50","slug":"utier-se-manifiesta-frente-al-hotel-vanderbilt-donde-alegan-pernocta-personal-de-luma","status":"publish","type":"post","link":"https:\/\/noticel.com\/en\/ultima-hora\/20200722\/utier-se-manifiesta-frente-al-hotel-vanderbilt-donde-alegan-pernocta-personal-de-luma\/","title":{"rendered":"UTIER se manifiesta frente al Hotel Vanderbilt, donde alegan pernocta personal de LUMA"},"content":{"rendered":"<h3>Presuntamente, habr\u00eda 42 ejecutivos del consorcio hosped\u00e1ndose en el lujoso hotel.<\/h3>\n<p>Miembros de la UTIER protestaron esta noche frente al lujoso Hotel Vanderbilt de Condado, donde presuntamente se hospedan 42 ejecutivos de LUMA Energy, consorcio al que el gobierno de Puerto Rico otorg\u00f3 un millonario contrato en una alianza p\u00fablico-privada (APP) para administrar la transmisi\u00f3n, distribuci\u00f3n el\u00e9ctrica y servicio al cliente de la Autoridad de Energ\u00eda El\u00e9ctrica (AEE) a partir del 2021.<\/p>\n<p>En el v\u00eddeo facilitado a NotiCel, se escucha a \u00c1ngel Figueroa Jaramillo, presidente de la UTIER, dirigirse al personal de LUMA.<\/p>\n<p><iframe loading=\"lazy\" title=\"UTIER se manifiesta contra LUMA Energy frente al Hotel Vanderbilt\" width=\"500\" height=\"281\" src=\"https:\/\/www.youtube.com\/embed\/XIIlOuwpHw0?feature=oembed\" frameborder=\"0\" allow=\"accelerometer; autoplay; clipboard-write; encrypted-media; gyroscope; picture-in-picture; web-share\" referrerpolicy=\"strict-origin-when-cross-origin\" allowfullscreen><\/iframe><\/p>\n<p>\u00abAqu\u00ed para que vean c\u00f3mo vienen a robarse el dinero, ellos se pueden quedar en cualquier casa, se tienen que quedar en un hotel 5 estrellas, mientras nosotros necesitamos, mientras nosotros tenemos que buscar c\u00f3mo defender nuestro sistema de retiro\u00bb, expres\u00f3.<\/p>\n<p>Tras la negociaci\u00f3n de la APP en junio pasado, tanto Figueroa Jaramillo, como el representante del consumidor en la Junta de Gobierno de la AEE, Tom\u00e1s Torres Placa, cuestionaron la secretividad y falta de participaci\u00f3n que perme\u00f3 durante el proceso de selecci\u00f3n del consorcio.<\/p>\n<p>Tambi\u00e9n advirtieron sobre los nefastos efectos que podr\u00eda traer para el pueblo de Puerto Rico este acuerdo de privatizaci\u00f3n, tramitado en medio de la quiebra de la agencia, y que la gobernadora Wanda V\u00e1zquez catalog\u00f3 como una \u00abtransformaci\u00f3n sin precedentes\u00bb.<\/p>\n<p>\u00abLa lucha contin\u00faa. LUMA Energy se va de Puerto Rico, como lleg\u00f3, se va\u00bb, dijo Figueroa Jaramillo frente al Hotel.<\/p>\n<p>Por su parte, m\u00e1s temprano esta tarde, LUMA Energy emiti\u00f3 declaraciones en las asegura estar \u00abcomprometidos en garantizar que cada empleado tenga la capacitaci\u00f3n, las destrezas y las herramientas adecuadas para el trabajo\u00bb.<\/p>\n<p>Esto, para exhortar a los empleados de la AEE que trabajan en transmisi\u00f3n y distribuci\u00f3n o en servicios compartidos y el sistema de generaci\u00f3n a que se empleen con su consorcio.<\/p>\n<p>\u00abPara esto necesitaremos contratar a varios miles de empleados\u00bb, detallan en sus declaraciones escritas.<\/p>\n<p>En su comunicaci\u00f3n, tambi\u00e9n aseguran que los empleados de la AEE recibir\u00e1n \u00abprioridad en la contrataci\u00f3n\u00bb, y que estos tendr\u00e1n la oportunidad de solicitar puestos en LUMA antes que otros.<\/p>\n<p>Asimismo, informaron que \u00abning\u00fan empleado de la AEE perder\u00e1 su trabajo como resultado de esta transacci\u00f3n\u00bb. Puntualizaron que aquellos que no se unan a LUMA tendr\u00e1n la opci\u00f3n de quedarse con la AEE o transferirse a otras agencias gubernamentales en Puerto Rico.<\/p><div class=\"notic-content-middle\" id=\"notic-2519324692\"><div class=\"notic-adlabel\">Advertisements<\/div><a data-no-instant=\"1\" href=\"https:\/\/www.asegurate-bien.com\/\" rel=\"noopener\" class=\"a2t-link\" target=\"_blank\" aria-label=\"Acodese-Adaptaciones-Noticel-300&#215;250\"><img loading=\"lazy\" decoding=\"async\" src=\"https:\/\/cdn.noticel.com\/2026\/05\/30094423\/Acodese-Adaptaciones-Noticel-300x250-1.jpg\" alt=\"\"  srcset=\"https:\/\/cdn.noticel.com\/2026\/05\/30094423\/Acodese-Adaptaciones-Noticel-300x250-1.jpg 300w, https:\/\/cdn.noticel.com\/2026\/05\/30094423\/Acodese-Adaptaciones-Noticel-300x250-1-14x12.jpg 14w\" sizes=\"(max-width: 300px) 100vw, 300px\" width=\"300\" height=\"250\"   \/><\/a><\/div>\n<p>Contradiciendo lo que aseguran miembros de la UTIER, quienes alegan que la APP con LUMA, que se negoci\u00f3 a puertas cerradas y sin un proceso de inclusi\u00f3n ciudadana, traer\u00e1 p\u00e9rdida de beneficios y derechos adquiridos para su plantilla laboral, LUMA asegur\u00f3 que no reducir\u00e1 la compensaci\u00f3n y los beneficios de los empleados, de conformidad con la Ley 120. De hecho, en el texto enfatizan que el paquete de beneficios ser\u00e1 \u00abigual o mejor que el proporcionado por la AEE\u00bb.<\/p>\n<p>Finalizaron sus declaraciones diciendo que su consorcio no quitar\u00e1 la pensi\u00f3n a ning\u00fan empleado, seg\u00fan se ha advertido.<\/p>\n<p>\u00abComo parte de la transici\u00f3n a LUMA, cada empleado tendr\u00e1 la opci\u00f3n de permanecer con su plan existente o transferirse a un nuevo plan con LUMA\u00bb, concluyeron.<\/p>\n<p>Son varios los sectores que han condenado el acuerdo del gobierno con LUMA, y que han levantado bandera sobre la falta de transparencia del gobierno al tomar senda decisi\u00f3n en la industria m\u00e1s grande del pa\u00eds.<\/p>\n<p>\u00abDe entrada debe crear dudas en lo beneficioso o no del acuerdo al pueblo de Puerto Rico\u00bb, sentenci\u00f3 Figueroa Jaramillo a NotiCel en junio.<\/p>\n<p>Por su parte, ante la falta de fiscalizaci\u00f3n y participaci\u00f3n ciudadana, Torres Placa hab\u00eda anticipado tomar acciones que ir\u00edan desde gestionar, como representante de los consumidores, una petici\u00f3n en el Negociado de Energ\u00eda, hasta solicitar a las partes afectadas, incluyendo ciudadanos, que tambi\u00e9n tomen parte en la solicitud de reconsideraci\u00f3n ante el ente.<\/p>\n<p>\u00abEllos pueden ir sobre este contrato en un proceso p\u00fablico\u00bb, ampli\u00f3.<\/p>\n<p>Esto equilibrar\u00eda la balanza con la participaci\u00f3n ciudadana que careci\u00f3 la contrataci\u00f3n desde su inicio, seg\u00fan Torres Placa, quien record\u00f3 que la presi\u00f3n p\u00fablica puede rendir buenos frutos.<\/p>\n<p>Torres Placa tambi\u00e9n hab\u00eda advertido que un estudio del economista Ram\u00f3n Cao conclu\u00eda que el Acuerdo Definitivo de Reestructuraci\u00f3n (RSA en ingl\u00e9s), seg\u00fan planteado, podr\u00eda pasarle factura al pueblo mediante un alza de precio en el servicio.<\/p>\n<p>Seg\u00fan el an\u00e1lisis de Cao, el RSA provocar\u00eda un golpe en su bolsillo de los consumidores, que comenzar\u00eda en 13 por ciento y llegar\u00eda a 47 por ciento en el a\u00f1o fiscal 2024.<\/p>\n<p>\u00abLos consumidores no pueden depender de un acuerdo que no les hace justicia\u00bb, culmin\u00f3 Torres Placa en aquella ocasi\u00f3n.<\/p>","protected":false},"excerpt":{"rendered":"<p>Presuntamente, habr\u00eda 42 ejecutivos del consorcio hosped\u00e1ndose en el lujoso hotel. Miembros de la UTIER protestaron esta noche frente al lujoso Hotel Vanderbilt de Condado, donde presuntamente se hospedan 42 ejecutivos de LUMA Energy, consorcio al que el gobierno de Puerto Rico otorg\u00f3 un millonario contrato en una alianza p\u00fablico-privada (APP) para administrar la transmisi\u00f3n, [&hellip;]<\/p>","protected":false},"author":0,"featured_media":477804,"comment_status":"closed","ping_status":"closed","sticky":false,"template":"","format":"standard","meta":{"_acf_changed":false,"_monsterinsights_skip_tracking":false,"ep_exclude_from_search":false,"footnotes":""},"categories":[2],"tags":[],"class_list":["post-148500","post","type-post","status-publish","format-standard","has-post-thumbnail","hentry","category-ultima-hora"],"acf":[],"aioseo_notices":[],"_links":{"self":[{"href":"https:\/\/noticel.com\/en\/wp-json\/wp\/v2\/posts\/148500","targetHints":{"allow":["GET"]}}],"collection":[{"href":"https:\/\/noticel.com\/en\/wp-json\/wp\/v2\/posts"}],"about":[{"href":"https:\/\/noticel.com\/en\/wp-json\/wp\/v2\/types\/post"}],"replies":[{"embeddable":true,"href":"https:\/\/noticel.com\/en\/wp-json\/wp\/v2\/comments?post=148500"}],"version-history":[{"count":1,"href":"https:\/\/noticel.com\/en\/wp-json\/wp\/v2\/posts\/148500\/revisions"}],"predecessor-version":[{"id":477805,"href":"https:\/\/noticel.com\/en\/wp-json\/wp\/v2\/posts\/148500\/revisions\/477805"}],"wp:featuredmedia":[{"embeddable":true,"href":"https:\/\/noticel.com\/en\/wp-json\/wp\/v2\/media\/477804"}],"wp:attachment":[{"href":"https:\/\/noticel.com\/en\/wp-json\/wp\/v2\/media?parent=148500"}],"wp:term":[{"taxonomy":"category","embeddable":true,"href":"https:\/\/noticel.com\/en\/wp-json\/wp\/v2\/categories?post=148500"},{"taxonomy":"post_tag","embeddable":true,"href":"https:\/\/noticel.com\/en\/wp-json\/wp\/v2\/tags?post=148500"}],"curies":[{"name":"wp","href":"https:\/\/api.w.org\/{rel}","templated":true}]}}