{"id":148203,"date":"2020-07-14T19:03:00","date_gmt":"2020-07-14T23:03:00","guid":{"rendered":"https:\/\/www.noticel.com\/la-calle\/policiacas\/20200714\/3-cuarteles-cerrados-y-sobre-100-agentes-de-la-policia-en-cuarentena\/"},"modified":"2025-07-16T22:44:56","modified_gmt":"2025-07-16T22:44:56","slug":"3-cuarteles-cerrados-y-sobre-100-agentes-de-la-policia-en-cuarentena","status":"publish","type":"post","link":"https:\/\/noticel.com\/en\/noticias\/la-calle\/20200714\/3-cuarteles-cerrados-y-sobre-100-agentes-de-la-policia-en-cuarentena\/","title":{"rendered":"3 cuarteles cerrados y sobre 100 agentes de la Polic\u00eda en cuarentena"},"content":{"rendered":"<h3>Al momento, en la uniformada hay 13 casos positivos confirmados.<\/h3>\n<p>El Negociado de la Polic\u00eda de Puerto Rico inform\u00f3 que sobre 100 agentes est\u00e1n en cuarentena preventiva, al entrar en contacto con<\/p>\n<p>Seg\u00fan el director de la Oficina de Comunicaciones de la Polic\u00eda, Axel Valencia, al momento hay unos 13 agentes de la uniformada con COVID-19.<\/p>\n<p>A todos los agentes en aislamiento se le realizar\u00e1 la prueba molecular, dijo Valencia.<\/p>\n<p>Mientras, el Negociado procedi\u00f3 a ordenar el cierre de tres cuarteles debido a casos reportados.<\/p>\n<p>Los cuarteles cerrados son: el Precinto Ponce Este, la divisi\u00f3n de Relaciones con la Comunidad de San Juan y la Liga Atl\u00e9tica Polic\u00edaca de San Juan.<\/p>\n<p><strong id=\"strong-24b0e9cf66d097baca8837b1729c6825\">A continuaci\u00f3n el desglose de casos confirmados en la Polic\u00eda:<\/strong><\/p>\n<p>\u00c1rea de Ponce &#8211; 1<\/p>\n<p>Aeropuerto &#8211; 1<\/p>\n<p>CIC Carolina &#8211; 1<\/p><div class=\"notic-content-middle\" id=\"notic-1681823921\"><div class=\"notic-adlabel\">Advertisements<\/div><a data-no-instant=\"1\" href=\"https:\/\/www.cst.pr.gov\/\" rel=\"noopener\" class=\"a2t-link\" target=\"_blank\" aria-label=\"970&#215;90\"><img loading=\"lazy\" decoding=\"async\" src=\"https:\/\/cdn.noticel.com\/2026\/09\/02204026\/970x90-1.jpg\" alt=\"\"  srcset=\"https:\/\/cdn.noticel.com\/2026\/09\/02204026\/970x90-1.jpg 970w, https:\/\/cdn.noticel.com\/2026\/09\/02204026\/970x90-1-300x28.jpg 300w, https:\/\/cdn.noticel.com\/2026\/09\/02204026\/970x90-1-768x71.jpg 768w, https:\/\/cdn.noticel.com\/2026\/09\/02204026\/970x90-1-18x2.jpg 18w\" sizes=\"(max-width: 970px) 100vw, 970px\" width=\"970\" height=\"90\"   \/><\/a><\/div>\n<p>Comandancia de Ponce &#8211; 1<\/p>\n<p>Comer\u00edo &#8211; 1<\/p>\n<p>FURA &#8211; 2 (Incluye Swat) &#8211; 1<\/p>\n<p>Humacao &#8211; 1<\/p>\n<p>Rinc\u00f3n &#8211; 1<\/p>\n<p>Salinas &#8211; 1<\/p>\n<p>Yabucoa &#8211; 1<\/p>\n<p>Yauco &#8211; 2<\/p>\n<p>Hasta la fecha, dos agentes de la uniformada han fallecido por complicaciones con el COVID-19. La Polic\u00eda ha realizado unas 1,185 pruebas moleculares.<\/p>","protected":false},"excerpt":{"rendered":"<p>Al momento, en la uniformada hay 13 casos positivos confirmados. El Negociado de la Polic\u00eda de Puerto Rico inform\u00f3 que sobre 100 agentes est\u00e1n en cuarentena preventiva, al entrar en contacto con Seg\u00fan el director de la Oficina de Comunicaciones de la Polic\u00eda, Axel Valencia, al momento hay unos 13 agentes de la uniformada con [&hellip;]<\/p>","protected":false},"author":0,"featured_media":479235,"comment_status":"closed","ping_status":"closed","sticky":false,"template":"","format":"standard","meta":{"_acf_changed":false,"_monsterinsights_skip_tracking":false,"ep_exclude_from_search":false,"footnotes":""},"categories":[12,15],"tags":[],"class_list":["post-148203","post","type-post","status-publish","format-standard","has-post-thumbnail","hentry","category-la-calle","category-policiacas"],"acf":[],"aioseo_notices":[],"_links":{"self":[{"href":"https:\/\/noticel.com\/en\/wp-json\/wp\/v2\/posts\/148203","targetHints":{"allow":["GET"]}}],"collection":[{"href":"https:\/\/noticel.com\/en\/wp-json\/wp\/v2\/posts"}],"about":[{"href":"https:\/\/noticel.com\/en\/wp-json\/wp\/v2\/types\/post"}],"replies":[{"embeddable":true,"href":"https:\/\/noticel.com\/en\/wp-json\/wp\/v2\/comments?post=148203"}],"version-history":[{"count":1,"href":"https:\/\/noticel.com\/en\/wp-json\/wp\/v2\/posts\/148203\/revisions"}],"predecessor-version":[{"id":479238,"href":"https:\/\/noticel.com\/en\/wp-json\/wp\/v2\/posts\/148203\/revisions\/479238"}],"wp:featuredmedia":[{"embeddable":true,"href":"https:\/\/noticel.com\/en\/wp-json\/wp\/v2\/media\/479235"}],"wp:attachment":[{"href":"https:\/\/noticel.com\/en\/wp-json\/wp\/v2\/media?parent=148203"}],"wp:term":[{"taxonomy":"category","embeddable":true,"href":"https:\/\/noticel.com\/en\/wp-json\/wp\/v2\/categories?post=148203"},{"taxonomy":"post_tag","embeddable":true,"href":"https:\/\/noticel.com\/en\/wp-json\/wp\/v2\/tags?post=148203"}],"curies":[{"name":"wp","href":"https:\/\/api.w.org\/{rel}","templated":true}]}}