{"id":147790,"date":"2020-07-03T06:35:00","date_gmt":"2020-07-03T10:35:00","guid":{"rendered":"https:\/\/www.noticel.com\/el-tiempo\/20200703\/tiempo-estable-con-mucho-calor-para-hoy\/"},"modified":"2025-07-16T23:28:07","modified_gmt":"2025-07-16T23:28:07","slug":"tiempo-estable-con-mucho-calor-para-hoy","status":"publish","type":"post","link":"https:\/\/noticel.com\/en\/el-tiempo\/20200703\/tiempo-estable-con-mucho-calor-para-hoy\/","title":{"rendered":"Tiempo estable con mucho calor para hoy"},"content":{"rendered":"<h3>Las temperaturas aumentaran a los bajos 90s con \u00edndices de calor cerca de 102 grados en elevaciones bajas<\/h3>\n<p>Tiempo generalmente estable prevaleci\u00f3 a trav\u00e9s de las islas durante la noche. Algunos aguaceros leves fueron observados temprano en la noche sobre el este de Puerto Rico.<\/p>\n<p>Sin embargo, en la madrugada, aguaceros adicionales se concentraron sobre las aguas. Las temperaturas disminuyeron a cerca de 80 grados en las elevaciones costeras y a los medios 70s en la monta\u00f1a. El viento estuvo leve y variable.<\/p>\n<p>Para hoy, deber\u00eda estar generalmente estable con alg\u00fan polvo de Sahara en el cielo. En la tarde, debido al calentamiento diurno, se pudieran registrar algunos aguaceros sobre el noroeste de Puerto Rico con probabilidad de tronadas aisladas. No se descartan aguaceros adicionales sobre el \u00e1rea metropolitana de San Juan.<\/p><div class=\"notic-content-middle\" id=\"notic-2350330251\"><div class=\"notic-adlabel\">Advertisements<\/div><a data-no-instant=\"1\" href=\"https:\/\/qrco.de\/bgxd5v\" rel=\"noopener\" class=\"a2t-link\" target=\"_blank\" aria-label=\"DisplayAds-970&#215;2503\"><img loading=\"lazy\" decoding=\"async\" src=\"https:\/\/cdn.noticel.com\/2026\/08\/11180601\/DisplayAds-970x2503-1.jpg\" alt=\"\"  srcset=\"https:\/\/cdn.noticel.com\/2026\/08\/11180601\/DisplayAds-970x2503-1.jpg 970w, https:\/\/cdn.noticel.com\/2026\/08\/11180601\/DisplayAds-970x2503-1-300x77.jpg 300w, https:\/\/cdn.noticel.com\/2026\/08\/11180601\/DisplayAds-970x2503-1-768x198.jpg 768w, https:\/\/cdn.noticel.com\/2026\/08\/11180601\/DisplayAds-970x2503-1-18x5.jpg 18w\" sizes=\"(max-width: 970px) 100vw, 970px\" width=\"970\" height=\"250\"   \/><\/a><\/div>\n<p>Las temperaturas aumentaran a los bajos 90s con \u00edndices de calor cerca de 102 grados en elevaciones bajas. El viento estar\u00e1 del este sureste entre 10 a 15 mph.<\/p>\n<p>A trav\u00e9s de las aguas locales, se espera oleaje de hasta 6 pies sobre las aguas del Atl\u00e1ntico, donde los operadores de embarcaciones peque\u00f1as deben ejercer precauci\u00f3n. Se espera oleaje de hasta 5 pies en el resto del \u00e1rea. Existe riesgo moderado de corrientes marinas para la costa norte y sureste de Puerto Rico y para algunas playas del este de Vieques y Culebra.<\/p>","protected":false},"excerpt":{"rendered":"<p>Las temperaturas aumentaran a los bajos 90s con \u00edndices de calor cerca de 102 grados en elevaciones bajas Tiempo generalmente estable prevaleci\u00f3 a trav\u00e9s de las islas durante la noche. Algunos aguaceros leves fueron observados temprano en la noche sobre el este de Puerto Rico. Sin embargo, en la madrugada, aguaceros adicionales se concentraron sobre [&hellip;]<\/p>","protected":false},"author":0,"featured_media":481123,"comment_status":"closed","ping_status":"closed","sticky":false,"template":"","format":"standard","meta":{"_acf_changed":false,"_monsterinsights_skip_tracking":false,"ep_exclude_from_search":false,"footnotes":""},"categories":[18],"tags":[],"class_list":["post-147790","post","type-post","status-publish","format-standard","has-post-thumbnail","hentry","category-el-tiempo"],"acf":[],"aioseo_notices":[],"_links":{"self":[{"href":"https:\/\/noticel.com\/en\/wp-json\/wp\/v2\/posts\/147790","targetHints":{"allow":["GET"]}}],"collection":[{"href":"https:\/\/noticel.com\/en\/wp-json\/wp\/v2\/posts"}],"about":[{"href":"https:\/\/noticel.com\/en\/wp-json\/wp\/v2\/types\/post"}],"replies":[{"embeddable":true,"href":"https:\/\/noticel.com\/en\/wp-json\/wp\/v2\/comments?post=147790"}],"version-history":[{"count":1,"href":"https:\/\/noticel.com\/en\/wp-json\/wp\/v2\/posts\/147790\/revisions"}],"predecessor-version":[{"id":481126,"href":"https:\/\/noticel.com\/en\/wp-json\/wp\/v2\/posts\/147790\/revisions\/481126"}],"wp:featuredmedia":[{"embeddable":true,"href":"https:\/\/noticel.com\/en\/wp-json\/wp\/v2\/media\/481123"}],"wp:attachment":[{"href":"https:\/\/noticel.com\/en\/wp-json\/wp\/v2\/media?parent=147790"}],"wp:term":[{"taxonomy":"category","embeddable":true,"href":"https:\/\/noticel.com\/en\/wp-json\/wp\/v2\/categories?post=147790"},{"taxonomy":"post_tag","embeddable":true,"href":"https:\/\/noticel.com\/en\/wp-json\/wp\/v2\/tags?post=147790"}],"curies":[{"name":"wp","href":"https:\/\/api.w.org\/{rel}","templated":true}]}}