{"id":147473,"date":"2020-06-25T07:04:00","date_gmt":"2020-06-25T11:04:00","guid":{"rendered":"https:\/\/www.noticel.com\/el-tiempo\/20200625\/aguaceros-locales-se-esperan-para-esta-tarde\/"},"modified":"2025-07-16T23:57:11","modified_gmt":"2025-07-16T23:57:11","slug":"aguaceros-locales-se-esperan-para-esta-tarde","status":"publish","type":"post","link":"https:\/\/noticel.com\/en\/el-tiempo\/20200625\/aguaceros-locales-se-esperan-para-esta-tarde\/","title":{"rendered":"Aguaceros locales se esperan para esta tarde"},"content":{"rendered":"<h3>Una onda tropical llegar\u00e1 el viernes<\/h3>\n<p>El Servicio Nacional de Meteorolog\u00eda (SNM) pronostic\u00f3 que se esperan condiciones del tiempo mayormente estables en horas de la ma\u00f1ana a medida que una masa de aire seco se mueva al \u00e1rea.<\/p>\n<p>Sin embargo, aguaceros inducidos localmente se pueden esperar para esta tarde a trav\u00e9s de sectores de las pendientes del norte, mientras que se esperan tronadas aisladas a trav\u00e9s del oeste de Puerto Rico.<\/p>\n<p>El viento estar\u00e1 desde el este entre 10 a 20 millas por hora con r\u00e1fagas de vientos m\u00e1s fuertes. Las temperaturas m\u00e1ximas estar\u00e1n entre los altos 80 grados a los bajos 90 grados a trav\u00e9s de las \u00e1reas bajas y en los bajos a medios 80 grados a trav\u00e9s de las \u00e1reas m\u00e1s altas.<\/p>\n<p>Las condiciones mar\u00edtimas continuar\u00e1n picadas con oleaje de hasta 6 pies a trav\u00e9s de las aguas locales, y el viento estar\u00e1 del este de hasta 20 nudos del este. Por lo tanto, los operadores de embarcaciones peque\u00f1as deben ejercer precauci\u00f3n.<\/p><div class=\"notic-content-middle\" id=\"notic-69562206\"><div class=\"notic-adlabel\">Advertisements<\/div><a data-no-instant=\"1\" href=\"https:\/\/www.asegurate-bien.com\/\" rel=\"noopener\" class=\"a2t-link\" target=\"_blank\" aria-label=\"Acodese-Adaptaciones-Noticel-300&#215;600\"><img loading=\"lazy\" decoding=\"async\" src=\"https:\/\/cdn.noticel.com\/2026\/05\/30094652\/Acodese-Adaptaciones-Noticel-300x600-1.jpg\" alt=\"\"  srcset=\"https:\/\/cdn.noticel.com\/2026\/05\/30094652\/Acodese-Adaptaciones-Noticel-300x600-1.jpg 300w, https:\/\/cdn.noticel.com\/2026\/05\/30094652\/Acodese-Adaptaciones-Noticel-300x600-1-150x300.jpg 150w, https:\/\/cdn.noticel.com\/2026\/05\/30094652\/Acodese-Adaptaciones-Noticel-300x600-1-6x12.jpg 6w\" sizes=\"(max-width: 300px) 100vw, 300px\" width=\"300\" height=\"600\"   \/><\/a><\/div>\n<p>Un aumento gradual se espera para esta noche hacia el fin de semana con con la llegada de una onda tropical que se pronostica llegue a la isla el viernes.<\/p>\n<p>Esto resultar\u00e1 en un aumento en el oleaje de hasta 7 pies y por lo tanto, una advertencia para los operadores de peque\u00f1as embarcaciones est\u00e1 en efecto comenzando temprano esta noche. Existe tambi\u00e9n un riesgo moderado de corrientes marinas a trav\u00e9s de la mayor\u00eda de las playas locales.<\/p>\n<p>El cielo prevaleci\u00f3 de parcialmente nublado con algunos aguaceros pasajeros que afectaron mayormente sectores del este de Puerto Rico en horas de la noche, pero el cielo se torn\u00f3 m\u00e1s despejado y la actividad de aguaceros se torn\u00f3 m\u00e1s limitada en horas tempranas de la ma\u00f1ana del jueves.<\/p>\n<p>Las temperaturas en horas de la noche estuvieron entre los altos 70 grados a los bajos 80 grados a trav\u00e9s de las \u00e1reas bajas y en los altos 60 grados a los medios 70 grados a trav\u00e9s de las \u00e1reas altas. El viento estuvo leve y variable.<\/p>","protected":false},"excerpt":{"rendered":"<p>Una onda tropical llegar\u00e1 el viernes El Servicio Nacional de Meteorolog\u00eda (SNM) pronostic\u00f3 que se esperan condiciones del tiempo mayormente estables en horas de la ma\u00f1ana a medida que una masa de aire seco se mueva al \u00e1rea. Sin embargo, aguaceros inducidos localmente se pueden esperar para esta tarde a trav\u00e9s de sectores de las [&hellip;]<\/p>","protected":false},"author":0,"featured_media":482449,"comment_status":"closed","ping_status":"closed","sticky":false,"template":"","format":"standard","meta":{"_acf_changed":false,"_monsterinsights_skip_tracking":false,"ep_exclude_from_search":false,"footnotes":""},"categories":[18],"tags":[],"class_list":["post-147473","post","type-post","status-publish","format-standard","has-post-thumbnail","hentry","category-el-tiempo"],"acf":[],"aioseo_notices":[],"_links":{"self":[{"href":"https:\/\/noticel.com\/en\/wp-json\/wp\/v2\/posts\/147473","targetHints":{"allow":["GET"]}}],"collection":[{"href":"https:\/\/noticel.com\/en\/wp-json\/wp\/v2\/posts"}],"about":[{"href":"https:\/\/noticel.com\/en\/wp-json\/wp\/v2\/types\/post"}],"replies":[{"embeddable":true,"href":"https:\/\/noticel.com\/en\/wp-json\/wp\/v2\/comments?post=147473"}],"version-history":[{"count":1,"href":"https:\/\/noticel.com\/en\/wp-json\/wp\/v2\/posts\/147473\/revisions"}],"predecessor-version":[{"id":482451,"href":"https:\/\/noticel.com\/en\/wp-json\/wp\/v2\/posts\/147473\/revisions\/482451"}],"wp:featuredmedia":[{"embeddable":true,"href":"https:\/\/noticel.com\/en\/wp-json\/wp\/v2\/media\/482449"}],"wp:attachment":[{"href":"https:\/\/noticel.com\/en\/wp-json\/wp\/v2\/media?parent=147473"}],"wp:term":[{"taxonomy":"category","embeddable":true,"href":"https:\/\/noticel.com\/en\/wp-json\/wp\/v2\/categories?post=147473"},{"taxonomy":"post_tag","embeddable":true,"href":"https:\/\/noticel.com\/en\/wp-json\/wp\/v2\/tags?post=147473"}],"curies":[{"name":"wp","href":"https:\/\/api.w.org\/{rel}","templated":true}]}}