{"id":146629,"date":"2011-10-29T11:16:00","date_gmt":"2011-10-29T15:16:00","guid":{"rendered":"https:\/\/www.noticel.com\/ahora\/20111029\/quieren-compromiso-candidatos-contra-monos-en-guayama\/"},"modified":"2025-07-17T00:43:17","modified_gmt":"2025-07-17T00:43:17","slug":"quieren-compromiso-candidatos-contra-monos-en-guayama","status":"publish","type":"post","link":"https:\/\/noticel.com\/en\/ultima-hora\/20111029\/quieren-compromiso-candidatos-contra-monos-en-guayama\/","title":{"rendered":"Quieren compromiso candidatos contra monos en Guayama"},"content":{"rendered":"<p>El Comit\u00e9 contra el establecimiento del proyecto de monos en Guayama exigi\u00f3 el s\u00e1bado a todos los candidatos a puestos electivos para la legislatura municipal y estatal en el distrito de Guayama a que firmen una Declaraci\u00f3n Jurada donde informen si han tenido relaci\u00f3n alguna con el proyecto que pretende establecer un centro de crianza y laboratorio de monos salvajes en la comunidad Pueblito del Carmen en dicho municipio.<\/p>\n<p>&#8216;Hay varios candidatos que han estado en contra de la propia comunidad y ahora algunos pretenden re-validar y otros incursionar en la pol\u00edticas como &#8216;ovejas de reba\u00f1o&#8217; y en el proceso inmediato habremos de informar a los electores del Distrito de Guayama una vez radiquen sus respectivas candidaturas&#8217;, se\u00f1al\u00f3 Alsemo Borr\u00e1s Mel\u00e9ndez, presidente del Taller Ambiental del Comit\u00e9 contra el establecimiento del Proyecto de Monos Salvaje en Guayama en comunicado de prensa.<\/p><div class=\"notic-content-middle\" id=\"notic-3123211032\"><div class=\"notic-adlabel\">Advertisements<\/div><a data-no-instant=\"1\" href=\"https:\/\/www.cst.pr.gov\/\" rel=\"noopener\" class=\"a2t-link\" target=\"_blank\" aria-label=\"970&#215;90\"><img loading=\"lazy\" decoding=\"async\" src=\"https:\/\/cdn.noticel.com\/2026\/09\/02203812\/970x90.jpg\" alt=\"\"  srcset=\"https:\/\/cdn.noticel.com\/2026\/09\/02203812\/970x90.jpg 970w, https:\/\/cdn.noticel.com\/2026\/09\/02203812\/970x90-300x28.jpg 300w, https:\/\/cdn.noticel.com\/2026\/09\/02203812\/970x90-768x71.jpg 768w, https:\/\/cdn.noticel.com\/2026\/09\/02203812\/970x90-18x2.jpg 18w\" sizes=\"(max-width: 970px) 100vw, 970px\" width=\"970\" height=\"90\"   \/><\/a><\/div>\n<p>Seg\u00fan Borr\u00e1s Mel\u00e9ndez, el Comit\u00e9 se comunic\u00f3 con los presidentes de los cuatro partidos pol\u00edtios en la Isla y le informaron su preocupaci\u00f3n ante las aspiraciones de algunos candidatos a puestos electivos que fueron vinculados al Proyecto.<\/p>\n<p>&#8216;Hay espec\u00edficamente un grupo de abogados ligados exclusivamente a un partido pol\u00edtico que perdi\u00f3 en los Tribunales del pa\u00eds el caso que llev\u00f3 la comunidad contra la compa\u00f1\u00eda que pretend\u00eda establecerse aqu\u00ed. Hay que jugar limpio y no se puede venir a pedir el favor del pueblo con agendas escondidas y mucho menos haber tenido relaci\u00f3n con el proyecto en contra de la comunidad&#8217;, sostuvo.<\/p>","protected":false},"excerpt":{"rendered":"<p>El Comit\u00e9 contra el establecimiento del proyecto de monos en Guayama exigi\u00f3 el s\u00e1bado a todos los candidatos a puestos electivos para la legislatura municipal y estatal en el distrito de Guayama a que firmen una Declaraci\u00f3n Jurada donde informen si han tenido relaci\u00f3n alguna con el proyecto que pretende establecer un centro de crianza [&hellip;]<\/p>","protected":false},"author":0,"featured_media":485207,"comment_status":"closed","ping_status":"closed","sticky":false,"template":"","format":"standard","meta":{"_acf_changed":false,"_monsterinsights_skip_tracking":false,"ep_exclude_from_search":false,"footnotes":""},"categories":[2],"tags":[],"class_list":["post-146629","post","type-post","status-publish","format-standard","has-post-thumbnail","hentry","category-ultima-hora"],"acf":[],"aioseo_notices":[],"_links":{"self":[{"href":"https:\/\/noticel.com\/en\/wp-json\/wp\/v2\/posts\/146629","targetHints":{"allow":["GET"]}}],"collection":[{"href":"https:\/\/noticel.com\/en\/wp-json\/wp\/v2\/posts"}],"about":[{"href":"https:\/\/noticel.com\/en\/wp-json\/wp\/v2\/types\/post"}],"replies":[{"embeddable":true,"href":"https:\/\/noticel.com\/en\/wp-json\/wp\/v2\/comments?post=146629"}],"version-history":[{"count":1,"href":"https:\/\/noticel.com\/en\/wp-json\/wp\/v2\/posts\/146629\/revisions"}],"predecessor-version":[{"id":485209,"href":"https:\/\/noticel.com\/en\/wp-json\/wp\/v2\/posts\/146629\/revisions\/485209"}],"wp:featuredmedia":[{"embeddable":true,"href":"https:\/\/noticel.com\/en\/wp-json\/wp\/v2\/media\/485207"}],"wp:attachment":[{"href":"https:\/\/noticel.com\/en\/wp-json\/wp\/v2\/media?parent=146629"}],"wp:term":[{"taxonomy":"category","embeddable":true,"href":"https:\/\/noticel.com\/en\/wp-json\/wp\/v2\/categories?post=146629"},{"taxonomy":"post_tag","embeddable":true,"href":"https:\/\/noticel.com\/en\/wp-json\/wp\/v2\/tags?post=146629"}],"curies":[{"name":"wp","href":"https:\/\/api.w.org\/{rel}","templated":true}]}}