{"id":146539,"date":"2011-12-01T11:12:00","date_gmt":"2011-12-01T15:12:00","guid":{"rendered":"https:\/\/www.noticel.com\/ahora\/20111201\/dejan-a-de-castro-casado-con-sepulveda\/"},"modified":"2025-07-17T00:47:43","modified_gmt":"2025-07-17T00:47:43","slug":"dejan-a-de-castro-casado-con-sepulveda","status":"publish","type":"post","link":"https:\/\/noticel.com\/en\/ultima-hora\/20111201\/dejan-a-de-castro-casado-con-sepulveda\/","title":{"rendered":"Dejan a De Castro casado con Sep\u00falveda"},"content":{"rendered":"<p>El juez Enrique Silva Avil\u00e9s deneg\u00f3 la solicitud del convicto exsenador Jorge De Castro Font para asumir su propia representaci\u00f3n en el caso que enfrenta junto a su exesposa Lisandra Delgado por evasi\u00f3n contributiva, y mantuvo la continuaci\u00f3n de la vista preliminar para ma\u00f1ana.<\/p>\n<p>El exjuez Heriberto Sep\u00falveda manifest\u00f3 su desinter\u00e9s en asumir la representaci\u00f3n legal de De Castro Font por &#8216;problemas de comunicaci\u00f3n&#8217; entre ambos, lo cual el exsenador refrend\u00f3. Y es que, tal como hab\u00eda <a href=\"https:\/\/noticel.com\/en\/noticia\/114081\/de-castro-font-sin-abogado-pero-con-liston-de-testigos.html\/\" target=\"_blank\">publicado NotiCel<\/a>, Sep\u00falveda se ha negado a visitar a su cliente en las instalaciones de la c\u00e1rcel federal y ha insistido en verlo en el Tribunal de Hato Rey.<\/p>\n<p>&#8216;No creo qu\u00e9 \u00e9l tenga derecho a ser representado as\u00ed&#8217;, argument\u00f3 Sep\u00falveda en la sala 605.<\/p>\n<p>Sin embargo, Silva Avil\u00e9s sostuvo que &#8216;las razones que ah\u00ed se expresan (en referencia a las mociones de Sep\u00falveda y De Castro Font sometidas durante la \u00faltima semana de noviembre) no son suficientes&#8217;. Esto, tras afirmar que ma\u00f1ana viernes a las 10:00 de la ma\u00f1ana se comenzar\u00e1 con la vista preliminar pautada y que ser\u00e1 Sep\u00falveda el que la atienda.<\/p><div class=\"notic-content-middle\" id=\"notic-2801769622\"><div class=\"notic-adlabel\">Advertisements<\/div><a data-no-instant=\"1\" href=\"https:\/\/www.asegurate-bien.com\/\" rel=\"noopener\" class=\"a2t-link\" target=\"_blank\" aria-label=\"Acodese-Adaptaciones-Noticel-970&#215;90\"><img loading=\"lazy\" decoding=\"async\" src=\"https:\/\/cdn.noticel.com\/2026\/07\/30100146\/Acodese-Adaptaciones-Noticel-970x90-1.jpg\" alt=\"\"  srcset=\"https:\/\/cdn.noticel.com\/2026\/07\/30100146\/Acodese-Adaptaciones-Noticel-970x90-1.jpg 970w, https:\/\/cdn.noticel.com\/2026\/07\/30100146\/Acodese-Adaptaciones-Noticel-970x90-1-300x28.jpg 300w, https:\/\/cdn.noticel.com\/2026\/07\/30100146\/Acodese-Adaptaciones-Noticel-970x90-1-768x71.jpg 768w, https:\/\/cdn.noticel.com\/2026\/07\/30100146\/Acodese-Adaptaciones-Noticel-970x90-1-18x2.jpg 18w\" sizes=\"(max-width: 970px) 100vw, 970px\" width=\"970\" height=\"90\"   \/><\/a><\/div>\n<p>Silva Avil\u00e9s rest\u00f3 importancia, adem\u00e1s, a las alegaciones que hiciera el otrora legislador penep\u00e9 de que &#8216;me est\u00e1n violando mis derechos constitucionales&#8217; al no permitirle asumir su propia representaci\u00f3n.<\/p>\n<p>Para despachar el asunto, Silva Aviles impidi\u00f3 que De Castro Font continuar\u00e1 expres\u00e1ndose y le dijo que no atender\u00eda m\u00e1s argumentos sobre el tema y que cualquier otro planteamiento &#8216;lo escucho, con mucho gusto, a trav\u00e9s de tu abogado&#8217;.<\/p>\n<p>El lunes, 5 de diciembre, De Castro Font est\u00e1 citado en la sala 1108 de la jueza Isabel Llompart para un status de conferencia sobre los otros 95 cargos criminales que pesan en su contra por corrupci\u00f3n.<\/p>","protected":false},"excerpt":{"rendered":"<p>El juez Enrique Silva Avil\u00e9s deneg\u00f3 la solicitud del convicto exsenador Jorge De Castro Font para asumir su propia representaci\u00f3n en el caso que enfrenta junto a su exesposa Lisandra Delgado por evasi\u00f3n contributiva, y mantuvo la continuaci\u00f3n de la vista preliminar para ma\u00f1ana. El exjuez Heriberto Sep\u00falveda manifest\u00f3 su desinter\u00e9s en asumir la representaci\u00f3n [&hellip;]<\/p>","protected":false},"author":0,"featured_media":485457,"comment_status":"closed","ping_status":"closed","sticky":false,"template":"","format":"standard","meta":{"_acf_changed":false,"_monsterinsights_skip_tracking":false,"ep_exclude_from_search":false,"footnotes":""},"categories":[2],"tags":[],"class_list":["post-146539","post","type-post","status-publish","format-standard","has-post-thumbnail","hentry","category-ultima-hora"],"acf":[],"aioseo_notices":[],"_links":{"self":[{"href":"https:\/\/noticel.com\/en\/wp-json\/wp\/v2\/posts\/146539","targetHints":{"allow":["GET"]}}],"collection":[{"href":"https:\/\/noticel.com\/en\/wp-json\/wp\/v2\/posts"}],"about":[{"href":"https:\/\/noticel.com\/en\/wp-json\/wp\/v2\/types\/post"}],"replies":[{"embeddable":true,"href":"https:\/\/noticel.com\/en\/wp-json\/wp\/v2\/comments?post=146539"}],"version-history":[{"count":1,"href":"https:\/\/noticel.com\/en\/wp-json\/wp\/v2\/posts\/146539\/revisions"}],"predecessor-version":[{"id":485458,"href":"https:\/\/noticel.com\/en\/wp-json\/wp\/v2\/posts\/146539\/revisions\/485458"}],"wp:featuredmedia":[{"embeddable":true,"href":"https:\/\/noticel.com\/en\/wp-json\/wp\/v2\/media\/485457"}],"wp:attachment":[{"href":"https:\/\/noticel.com\/en\/wp-json\/wp\/v2\/media?parent=146539"}],"wp:term":[{"taxonomy":"category","embeddable":true,"href":"https:\/\/noticel.com\/en\/wp-json\/wp\/v2\/categories?post=146539"},{"taxonomy":"post_tag","embeddable":true,"href":"https:\/\/noticel.com\/en\/wp-json\/wp\/v2\/tags?post=146539"}],"curies":[{"name":"wp","href":"https:\/\/api.w.org\/{rel}","templated":true}]}}