{"id":14612,"date":"2018-02-12T00:00:00","date_gmt":"2018-02-12T04:00:00","guid":{"rendered":"http:\/\/www.noticel.com\/ahora\/el-tiempo\/huracanes\/20180212\/juncos-la-verdadera-victima-del-fuego-de-monacillos\/"},"modified":"2025-07-17T00:23:37","modified_gmt":"2025-07-17T00:23:37","slug":"juncos-la-verdadera-victima-del-fuego-de-monacillos","status":"publish","type":"post","link":"https:\/\/noticel.com\/en\/ultima-hora\/20180212\/juncos-la-verdadera-victima-del-fuego-de-monacillos\/","title":{"rendered":"Juncos: la verdadera v\u00edctima del fuego de Monacillos"},"content":{"rendered":"<p><i>El fuego de anoche puede ser solo el principio<\/i><\/p>\n<p>El fuego suscitado en la estaci\u00f3n de Monacillos ayer en la noche tendr\u00e1 repercusiones para la recuperaci\u00f3n del municipio de Juncos.<\/p>\n<p>Seg\u00fan detall\u00f3 el operador auxiliar de la Autoridad de Energ\u00eda Electrica (AEE), Jorge Bracero, la planta en Monacillos alimentaba la l\u00ednea que iba en direcci\u00f3n a Juncos.<\/p>\n<p>&#8216;La l\u00ednea es la 36200 y el interruptor es el 36210\u2026 el problema fue despues que se hab\u00edan hecho unos trabajos que estaban ya coordinados, se hab\u00edan hecho unos relevos de carga y se hab\u00edan patrullado unas l\u00edneas\u2026 empezaron a dar problemas en el interruptor de Monacillos. El arco fue en los mismos controles&#8217;, revel\u00f3 Bracero en entrevista con WKAQ.<\/p>\n<p>Aunque muchas \u00e1reas afectadas ya han recuperado su servicio, de acuerdo al portavoz extraoficial de la AEE, a\u00fan quedan sectores apagados que prontamente estar\u00e1n renergiz\u00e1ndose<\/p>\n<p>&#8216;Van a haber \u00e1reas que todav\u00eda no tienen [luz]. Es a medida que vayan abriendo y cerrando las l\u00edneas. No todo le llega la luz enseguida&#8217;, aclar\u00f3 Bracero.<\/p><div class=\"notic-content-middle\" id=\"notic-2111807130\"><div class=\"notic-adlabel\">Advertisements<\/div><a data-no-instant=\"1\" href=\"https:\/\/www.asegurate-bien.com\/\" rel=\"noopener\" class=\"a2t-link\" target=\"_blank\" aria-label=\"Acodese-Adaptaciones-Noticel-300&#215;600\"><img loading=\"lazy\" decoding=\"async\" src=\"https:\/\/cdn.noticel.com\/2026\/05\/30094652\/Acodese-Adaptaciones-Noticel-300x600-1.jpg\" alt=\"\"  srcset=\"https:\/\/cdn.noticel.com\/2026\/05\/30094652\/Acodese-Adaptaciones-Noticel-300x600-1.jpg 300w, https:\/\/cdn.noticel.com\/2026\/05\/30094652\/Acodese-Adaptaciones-Noticel-300x600-1-150x300.jpg 150w, https:\/\/cdn.noticel.com\/2026\/05\/30094652\/Acodese-Adaptaciones-Noticel-300x600-1-6x12.jpg 6w\" sizes=\"(max-width: 300px) 100vw, 300px\" width=\"300\" height=\"600\"   \/><\/a><\/div>\n<p>No obstante, el operador de la AEE alent\u00f3 a las personas a no sucumbir al desespero, enfatizando que &#8216;si ya ten\u00edas luz ayer en la noche, te va a llegar. Pero toma tiempo&#8217;.<\/p>\n<p><b>Plantas canibalizadas<\/b><\/p>\n<p>Las estaciones de la AEE en Puerto Rico viven de piezas y materiales que han sido removida de otras plantas que al momento no se utilizan.<\/p>\n<p>De acuerdo a Bracero, las piezas para reparar estas facilidades no se adquieren en Puerto Rico y aunque se ha hecho el pedido de esos materiales al Cuerpo de Ingenieros (USACE por sus siglas en ingles), no han llegado.<\/p>\n<p>Por tal raz\u00f3n, los ingenieros de la Autoridad han tenido que recurrir a la &#8216;canibalizaci\u00f3n&#8217; para lograr reparar, lo que puede llevar a problemas como el fuego en Monacillos anoche.<\/p>\n<p>&#8216;Est\u00e1n usando piezas que pueden estar fatigadas y esto es un ejemplo de lo que puede seguir pasando&#8217;, advirti\u00f3 Bracero.<\/p>","protected":false},"excerpt":{"rendered":"<p>El fuego de anoche puede ser solo el principio El fuego suscitado en la estaci\u00f3n de Monacillos ayer en la noche tendr\u00e1 repercusiones para la recuperaci\u00f3n del municipio de Juncos. Seg\u00fan detall\u00f3 el operador auxiliar de la Autoridad de Energ\u00eda Electrica (AEE), Jorge Bracero, la planta en Monacillos alimentaba la l\u00ednea que iba en direcci\u00f3n [&hellip;]<\/p>","protected":false},"author":0,"featured_media":483988,"comment_status":"closed","ping_status":"closed","sticky":false,"template":"","format":"standard","meta":{"_acf_changed":false,"_monsterinsights_skip_tracking":false,"ep_exclude_from_search":false,"footnotes":""},"categories":[18,19,2],"tags":[],"class_list":["post-14612","post","type-post","status-publish","format-standard","has-post-thumbnail","hentry","category-el-tiempo","category-huracanes","category-ultima-hora"],"acf":[],"aioseo_notices":[],"_links":{"self":[{"href":"https:\/\/noticel.com\/en\/wp-json\/wp\/v2\/posts\/14612","targetHints":{"allow":["GET"]}}],"collection":[{"href":"https:\/\/noticel.com\/en\/wp-json\/wp\/v2\/posts"}],"about":[{"href":"https:\/\/noticel.com\/en\/wp-json\/wp\/v2\/types\/post"}],"replies":[{"embeddable":true,"href":"https:\/\/noticel.com\/en\/wp-json\/wp\/v2\/comments?post=14612"}],"version-history":[{"count":1,"href":"https:\/\/noticel.com\/en\/wp-json\/wp\/v2\/posts\/14612\/revisions"}],"predecessor-version":[{"id":483990,"href":"https:\/\/noticel.com\/en\/wp-json\/wp\/v2\/posts\/14612\/revisions\/483990"}],"wp:featuredmedia":[{"embeddable":true,"href":"https:\/\/noticel.com\/en\/wp-json\/wp\/v2\/media\/483988"}],"wp:attachment":[{"href":"https:\/\/noticel.com\/en\/wp-json\/wp\/v2\/media?parent=14612"}],"wp:term":[{"taxonomy":"category","embeddable":true,"href":"https:\/\/noticel.com\/en\/wp-json\/wp\/v2\/categories?post=14612"},{"taxonomy":"post_tag","embeddable":true,"href":"https:\/\/noticel.com\/en\/wp-json\/wp\/v2\/tags?post=14612"}],"curies":[{"name":"wp","href":"https:\/\/api.w.org\/{rel}","templated":true}]}}