{"id":146058,"date":"2012-04-16T07:29:00","date_gmt":"2012-04-16T11:29:00","guid":{"rendered":"https:\/\/www.noticel.com\/mundo\/20120416\/sangriento-fin-al-ataque-de-comandos-insurgentes-en-kabul\/"},"modified":"2025-07-17T01:11:02","modified_gmt":"2025-07-17T01:11:02","slug":"sangriento-fin-al-ataque-de-comandos-insurgentes-en-kabul","status":"publish","type":"post","link":"https:\/\/noticel.com\/en\/noticias\/mundo\/20120416\/sangriento-fin-al-ataque-de-comandos-insurgentes-en-kabul\/","title":{"rendered":"Sangriento fin al ataque de comandos insurgentes en Kabul"},"content":{"rendered":"<p>Kabul &#8211; Las autoridades afganas afirmaron hoy que los ataques coordinados lanzados este domingo por los talibanes en Kabul han terminado y que todos los insurgentes implicados han muerto a manos de las fuerzas de seguridad.<\/p>\n<p>&#8216;Todos los agresores han muerto, la lucha ha terminado&#8217;, asegur\u00f3 a Efe el portavoz afgano de Interior, Sediq Sediqui.<\/p>\n<p>De acuerdo con su versi\u00f3n, en las \u00faltimas horas las fuerzas de seguridad han matado a los dos \u00faltimos insurgentes que resist\u00edan, uno parapetado tras el hotel Kabul Star -cerca de la zona diplom\u00e1tica- y el otro en la zona del Parlamento afgano.<\/p>\n<p>Los ataques comenzaron al mediod\u00eda del domingo a cargo de tres comandos insurgentes en Kabul, aunque tambi\u00e9n se registraron acciones en las ciudades de Jalalabad, Puli Alam y Gardez, en el marco de lo que los talibanes llaman su ofensiva de primavera.<\/p><div class=\"notic-content-middle\" id=\"notic-2662502240\"><div class=\"notic-adlabel\">Advertisements<\/div><a data-no-instant=\"1\" href=\"https:\/\/www.asegurate-bien.com\/\" rel=\"noopener\" class=\"a2t-link\" target=\"_blank\" aria-label=\"Acodese-Adaptaciones-Noticel-728&#215;90\"><img loading=\"lazy\" decoding=\"async\" src=\"https:\/\/cdn.noticel.com\/2026\/07\/30095222\/Acodese-Adaptaciones-Noticel-728x90-1.jpg\" alt=\"\"  srcset=\"https:\/\/cdn.noticel.com\/2026\/07\/30095222\/Acodese-Adaptaciones-Noticel-728x90-1.jpg 728w, https:\/\/cdn.noticel.com\/2026\/07\/30095222\/Acodese-Adaptaciones-Noticel-728x90-1-300x37.jpg 300w, https:\/\/cdn.noticel.com\/2026\/07\/30095222\/Acodese-Adaptaciones-Noticel-728x90-1-18x2.jpg 18w\" sizes=\"(max-width: 728px) 100vw, 728px\" width=\"728\" height=\"90\"   \/><\/a><\/div>\n<p>Los talibanes dispararon contra varias embajadas, una base de las tropas extranjeras y edificios oficiales afganos, entre ellos el Parlamento nacional.<\/p>\n<p>&#8216;Nadie subestima la gravedad de estos ataques, y vamos a trabajar con fruici\u00f3n para determinar sus causas&#8217;, afirm\u00f3 anoche el jefe militar de la misi\u00f3n de la OTAN en Afganist\u00e1n, general John Allen, en una nota de prensa.<\/p>\n<p>Seg\u00fan afirmaron anoche las autoridades afganas, 19 insurgentes hab\u00edan muerto hasta entonces en las operaciones de las fuerzas regulares para repeler a los agresores, mientras que hay 28 heridos -14 civiles y 14 polic\u00edas.<\/p>\n<p>Hoy, Sediqui reconoci\u00f3 que hay al menos dos polic\u00edas fallecidos y diez heridos, aunque se remiti\u00f3 a una posterior rueda de prensa a lo largo del d\u00eda para detallar los hechos y el balance de v\u00edctimas con m\u00e1s precisi\u00f3n.<\/p>","protected":false},"excerpt":{"rendered":"<p>Kabul &#8211; Las autoridades afganas afirmaron hoy que los ataques coordinados lanzados este domingo por los talibanes en Kabul han terminado y que todos los insurgentes implicados han muerto a manos de las fuerzas de seguridad. &#8216;Todos los agresores han muerto, la lucha ha terminado&#8217;, asegur\u00f3 a Efe el portavoz afgano de Interior, Sediq Sediqui. [&hellip;]<\/p>","protected":false},"author":0,"featured_media":0,"comment_status":"closed","ping_status":"closed","sticky":false,"template":"","format":"standard","meta":{"_acf_changed":false,"_monsterinsights_skip_tracking":false,"ep_exclude_from_search":false,"footnotes":""},"categories":[17],"tags":[],"class_list":["post-146058","post","type-post","status-publish","format-standard","hentry","category-mundo"],"acf":[],"aioseo_notices":[],"_links":{"self":[{"href":"https:\/\/noticel.com\/en\/wp-json\/wp\/v2\/posts\/146058","targetHints":{"allow":["GET"]}}],"collection":[{"href":"https:\/\/noticel.com\/en\/wp-json\/wp\/v2\/posts"}],"about":[{"href":"https:\/\/noticel.com\/en\/wp-json\/wp\/v2\/types\/post"}],"replies":[{"embeddable":true,"href":"https:\/\/noticel.com\/en\/wp-json\/wp\/v2\/comments?post=146058"}],"version-history":[{"count":1,"href":"https:\/\/noticel.com\/en\/wp-json\/wp\/v2\/posts\/146058\/revisions"}],"predecessor-version":[{"id":486996,"href":"https:\/\/noticel.com\/en\/wp-json\/wp\/v2\/posts\/146058\/revisions\/486996"}],"wp:attachment":[{"href":"https:\/\/noticel.com\/en\/wp-json\/wp\/v2\/media?parent=146058"}],"wp:term":[{"taxonomy":"category","embeddable":true,"href":"https:\/\/noticel.com\/en\/wp-json\/wp\/v2\/categories?post=146058"},{"taxonomy":"post_tag","embeddable":true,"href":"https:\/\/noticel.com\/en\/wp-json\/wp\/v2\/tags?post=146058"}],"curies":[{"name":"wp","href":"https:\/\/api.w.org\/{rel}","templated":true}]}}