{"id":145839,"date":"2012-06-12T07:55:00","date_gmt":"2012-06-12T11:55:00","guid":{"rendered":"https:\/\/www.noticel.com\/ahora\/20120612\/vela-dice-que-como-tiene-los-mismos-clientes-no-hay-conflicto\/"},"modified":"2025-07-17T01:17:53","modified_gmt":"2025-07-17T01:17:53","slug":"vela-dice-que-como-tiene-los-mismos-clientes-no-hay-conflicto","status":"publish","type":"post","link":"https:\/\/noticel.com\/en\/ultima-hora\/20120612\/vela-dice-que-como-tiene-los-mismos-clientes-no-hay-conflicto\/","title":{"rendered":"Vela dice que como tiene los mismos clientes no hay conflicto"},"content":{"rendered":"<p>La primera dama, Luz E. Vela, se defendi\u00f3 el martes de los ataques en su contra por continuar trabajando como notaria y por el aumento reflejado en sus ingresos a trav\u00e9s del presente cuatrienio.<\/p>\n<p>&#8216;Toda mi vida yo he trabajado, desde antes de conocer a Luis&#8230; cuando el decidi\u00f3 correr parar gobernador, me dijo, yo tengo mis aspiranciones pero si t\u00fa quieres continuar tu profesi\u00f3n adelante&#8230;&#8217;, recalc\u00f3 Vela en entrevista radial (WKAQ 580).<\/p>\n<p>La primera dama aclar\u00f3 que mantiene su misma l\u00ednea de clientes y que lo ha hecho para evitar alg\u00fan conflicto de inter\u00e9s.<\/p>\n<p>&#8216;Yo he mantenido los mismos clientes, me he autodisciplinado de mantener los mismos clientes por la posici\u00f3n que ocupa mi marido&#8217;, dijo.<\/p><div class=\"notic-content-middle\" id=\"notic-1574524621\"><div class=\"notic-adlabel\">Advertisements<\/div><a data-no-instant=\"1\" href=\"https:\/\/www.asegurate-bien.com\/\" rel=\"noopener\" class=\"a2t-link\" target=\"_blank\" aria-label=\"Acodese-Adaptaciones-Noticel-300&#215;600\"><img loading=\"lazy\" decoding=\"async\" src=\"https:\/\/cdn.noticel.com\/2026\/05\/30094652\/Acodese-Adaptaciones-Noticel-300x600-1.jpg\" alt=\"\"  srcset=\"https:\/\/cdn.noticel.com\/2026\/05\/30094652\/Acodese-Adaptaciones-Noticel-300x600-1.jpg 300w, https:\/\/cdn.noticel.com\/2026\/05\/30094652\/Acodese-Adaptaciones-Noticel-300x600-1-150x300.jpg 150w, https:\/\/cdn.noticel.com\/2026\/05\/30094652\/Acodese-Adaptaciones-Noticel-300x600-1-6x12.jpg 6w\" sizes=\"(max-width: 300px) 100vw, 300px\" width=\"300\" height=\"600\"   \/><\/a><\/div>\n<p>No obstante, cuestion\u00f3 que cuando Sila Mar\u00eda Calder\u00f3n fue gobernadora no se le exigi\u00f3 a su esposo abandonar su carrera profesional. Adem\u00e1s, defendi\u00f3 su decisi\u00f3n de continuar trabajando y asegur\u00f3 que dicha determinaci\u00f3n en nada ha afectado su gesti\u00f3n como primera dama.<\/p>\n<p>&#8216;No se puede pretender que yo deje de trabajar por la posici\u00f3n que ocupe mi marido&#8217;, insisti\u00f3 Vela.<\/p>\n<p>La primera dama ha sido blanco de cr\u00edticas por parte de l\u00edderes del Partido Popular Democr\u00e1tico (PPD) por aumentar sus ingresos cerca a los dos millones de d\u00f3lares en este cuatrienio.<\/p>","protected":false},"excerpt":{"rendered":"<p>La primera dama, Luz E. Vela, se defendi\u00f3 el martes de los ataques en su contra por continuar trabajando como notaria y por el aumento reflejado en sus ingresos a trav\u00e9s del presente cuatrienio. &#8216;Toda mi vida yo he trabajado, desde antes de conocer a Luis&#8230; cuando el decidi\u00f3 correr parar gobernador, me dijo, yo [&hellip;]<\/p>","protected":false},"author":0,"featured_media":487497,"comment_status":"closed","ping_status":"closed","sticky":false,"template":"","format":"standard","meta":{"_acf_changed":false,"_monsterinsights_skip_tracking":false,"ep_exclude_from_search":false,"footnotes":""},"categories":[2],"tags":[],"class_list":["post-145839","post","type-post","status-publish","format-standard","has-post-thumbnail","hentry","category-ultima-hora"],"acf":[],"aioseo_notices":[],"_links":{"self":[{"href":"https:\/\/noticel.com\/en\/wp-json\/wp\/v2\/posts\/145839","targetHints":{"allow":["GET"]}}],"collection":[{"href":"https:\/\/noticel.com\/en\/wp-json\/wp\/v2\/posts"}],"about":[{"href":"https:\/\/noticel.com\/en\/wp-json\/wp\/v2\/types\/post"}],"replies":[{"embeddable":true,"href":"https:\/\/noticel.com\/en\/wp-json\/wp\/v2\/comments?post=145839"}],"version-history":[{"count":1,"href":"https:\/\/noticel.com\/en\/wp-json\/wp\/v2\/posts\/145839\/revisions"}],"predecessor-version":[{"id":487499,"href":"https:\/\/noticel.com\/en\/wp-json\/wp\/v2\/posts\/145839\/revisions\/487499"}],"wp:featuredmedia":[{"embeddable":true,"href":"https:\/\/noticel.com\/en\/wp-json\/wp\/v2\/media\/487497"}],"wp:attachment":[{"href":"https:\/\/noticel.com\/en\/wp-json\/wp\/v2\/media?parent=145839"}],"wp:term":[{"taxonomy":"category","embeddable":true,"href":"https:\/\/noticel.com\/en\/wp-json\/wp\/v2\/categories?post=145839"},{"taxonomy":"post_tag","embeddable":true,"href":"https:\/\/noticel.com\/en\/wp-json\/wp\/v2\/tags?post=145839"}],"curies":[{"name":"wp","href":"https:\/\/api.w.org\/{rel}","templated":true}]}}