{"id":145768,"date":"2012-06-29T06:38:00","date_gmt":"2012-06-29T10:38:00","guid":{"rendered":"https:\/\/www.noticel.com\/deportes\/20120629\/nba-fab-melo-lidero-los-novatos-extranjeros-escogidos\/"},"modified":"2025-07-17T01:21:19","modified_gmt":"2025-07-17T01:21:19","slug":"nba-fab-melo-lidero-los-novatos-extranjeros-escogidos","status":"publish","type":"post","link":"https:\/\/noticel.com\/en\/deportes\/20120629\/nba-fab-melo-lidero-los-novatos-extranjeros-escogidos\/","title":{"rendered":"NBA: Fab Melo lider\u00f3 los novatos extranjeros escogidos"},"content":{"rendered":"<p>El ala-p\u00edvot brasile\u00f1o Fab Melo encabez\u00f3 la lista de los nueve jugadores extranjeros que fueron seleccionados en el sorteo universitario de la NBA del 2012 y en el que el ala-p\u00edvot Anthony Davis, de la Universidad de Kentucky, sali\u00f3 elegido con el n\u00famero uno por los Hornets de Nueva Orleans.<\/p>\n<p>Como se esperaba el resto de los ocho jugadores extranjeros, llegaron procedentes del baloncesto europeo, con Turqu\u00eda a la cabeza al tener tres representantes entre los elegidos.<\/p>\n<p>Grecia, Bosnia, Croacia, Georgia y Rep\u00fablica Checa completaron la lista con un representante cada pa\u00eds, pero todos los jugadores europeos fueron elegidos en la segunda ronda del sorteo.<\/p>\n<p>Melo, de 22 a\u00f1os, fue el \u00fanico latinoamericano y extranjero que sali\u00f3 elegido en la primera ronda del sorteo despu\u00e9s que los Celtics de Boston los seleccionaron con el n\u00famero 22.<\/p>\n<p>El jugador brasile\u00f1o, formado con el equipo de la Universidad de Syracuse, posee el estilo de juego que le gusta al entrenador de los Celtics, Doc Rivers, y del gerente general Danny Ainge, por el poder f\u00edsico y dominio que tiene bajo los aros.<\/p>\n<p>A pesar de los problemas acad\u00e9micos que present\u00f3 desde que lleg\u00f3 hace cuatro a\u00f1os a Syracuse, Melo se ha convertido en uno de los mejores jugadores defensivos universitarios y eso es lo que realmente le gusta a los Celtics y por eso lo seleccionaron.<\/p>\n<p>&#8216;Primero tenemos que ense\u00f1arle el estilo de los Celtics&#8217;, declar\u00f3 Rivers sobre la selecci\u00f3n de Melo. &#8216;Para nosotros conseguir un p\u00edvot de calidad con ese n\u00famero es algo muy bueno&#8217;.<\/p>\n<p>Se pensaba que los Cavaliers de Cleveland eran los que estaban interesados en conseguir sus servicios para unirse a su compatriota Anderson Varejao, pero al final se decidieron por Tyler Zeller, de 22 a\u00f1os, en traspaso logrado a trav\u00e9s de los Mavericks de Dallas.<\/p>\n<p>Los Celtics esperan que pueda desarrollar todo su potencial con el equipo y les ayude en el juego bajo los aros, si al final el veterano ala-p\u00edvot Kevin Garnett decide no regresar con ellos la pr\u00f3xima temporada.<\/p>\n<p>Melo tiene poder f\u00edsico, es grande y atl\u00e9tico, lo que le puede convertir en un buen bloqueador, al estilo de su compatriota Varejao o del ala-p\u00edvot hispano congole\u00f1o Serge Ibaka.<\/p>\n<p>La pasada temporada logr\u00f3 promedios de 7,8 puntos; 5,8 rebotes y 2,9 tapones, adem\u00e1s de conseguir un 56,6 por ciento de acierto en los tiros de campo.<\/p>\n<p>Si Melo se asegura un contrato con los Celtics o cualquier otro equipo, ser\u00eda el cuarto jugador brasile\u00f1o que estar\u00eda la pr\u00f3xima temporada en la competici\u00f3n de la NBA.<\/p>\n<p>Se unir\u00eda a Varejao, el ala-p\u00edvot Nen\u00e9 Hilario, que jugar\u00e1 con los Wizards de Washington, y al escolta Leandro Barbosa, que seguir\u00e1 con los Pacers de Indiana.<\/p><div class=\"notic-content-middle\" id=\"notic-149318720\"><div class=\"notic-adlabel\">Advertisements<\/div><a data-no-instant=\"1\" href=\"https:\/\/www.asegurate-bien.com\/\" rel=\"noopener\" class=\"a2t-link\" target=\"_blank\" aria-label=\"Acodese-Adaptaciones-Noticel-970&#215;250\"><img loading=\"lazy\" decoding=\"async\" src=\"https:\/\/cdn.noticel.com\/2026\/05\/30100504\/Acodese-Adaptaciones-Noticel-970x250-1.jpg\" alt=\"\"  srcset=\"https:\/\/cdn.noticel.com\/2026\/05\/30100504\/Acodese-Adaptaciones-Noticel-970x250-1.jpg 970w, https:\/\/cdn.noticel.com\/2026\/05\/30100504\/Acodese-Adaptaciones-Noticel-970x250-1-300x77.jpg 300w, https:\/\/cdn.noticel.com\/2026\/05\/30100504\/Acodese-Adaptaciones-Noticel-970x250-1-768x198.jpg 768w, https:\/\/cdn.noticel.com\/2026\/05\/30100504\/Acodese-Adaptaciones-Noticel-970x250-1-18x5.jpg 18w\" sizes=\"(max-width: 970px) 100vw, 970px\" width=\"970\" height=\"250\"   \/><\/a><\/div>\n<p>Por su parte, Melo, a trav\u00e9s del Twitter dijo que era la elecci\u00f3n perfecta y que se encontraba muy feliz por haber sido seleccionado por los Celtics.<\/p>\n<p>&#8216;Es tiempo para celebrarlo con mi familia&#8217;, coment\u00f3 Melo en Twitter. &#8216;Ma\u00f1ana ser\u00e1 de nuevo con ustedes&#8217;.<\/p>\n<p>El pr\u00f3ximo jugador extranjero que sali\u00f3 seleccionado despu\u00e9s de Melo fue el escolta-alero de la Rep\u00fablica Checa, Tomas Satoransky, de 20 a\u00f1os, que la pasada temporada jug\u00f3 con el equipo espa\u00f1ol del Banca C\u00edvica, al que eligieron los Wizards de Washington, que con el n\u00famero tres tambi\u00e9n lograron al escolta Bradley Beal.<\/p>\n<p>Le sigui\u00f3 el alero griego Kostas Papanikolaou, de 21 a\u00f1os, el jugador que la pasada temporada perteneci\u00f3 al Olympiacos y que fue seleccionado con el n\u00famero 48 por los Knicks de Nueva York.<\/p>\n<p>El p\u00edvot Izzet Turkyilmaz, de 22 a\u00f1os, que llega del Banvit de Turqu\u00eda, fue el primero de los tres jugadores que fueron seleccionados en el sorteo que sali\u00f3 elegido con el n\u00famero 50 por los Nuggets de Denver, que ven en el a un jugador con gran poder f\u00edsico, de los que le gustan al entrenador Georg Karl.<\/p>\n<p>Dos selecciones despu\u00e9s sali\u00f3 el nombre de otro hombre alto, el p\u00edvot Bosnio Ognjen Kuzmic, de 22 a\u00f1os, que jug\u00f3 la \u00faltima temporada con el Cl\u00ednicas Rinc\u00f3n de Espa\u00f1a y los Warriors de Golden State lo eligieron con el n\u00famero 52 para que aporte tama\u00f1o y poder f\u00edsico.<\/p>\n<p>El segundo jugador turco de la noche que sali\u00f3 elegido fue el ala-p\u00edvot Furkan Aldemir, de 20 a\u00f1os, que la pasada liga milit\u00f3 con el Galatasaray, y Los \u00c1ngeles Clippers lo eligieron con el n\u00famero 53.<\/p>\n<p>Otro hombre alto, el ala-p\u00edvot georgiano Tornike Shengelia, de 20 a\u00f1os, que jug\u00f3 la pasada temporada con el Spirou Charleroi, de B\u00e9lgica, fue el preferido por los Sixers de Filadelfia como n\u00famero 54, pero luego le vendieron los derechos a los Nets de Brooklyn.<\/p>\n<p>El alero croata Tomislav Zubcic, de 22 a\u00f1os, que llega de la Cibona de Zagreb, fue el preferido por los Raptora de Toronto, que lo eligieron con el n\u00famero 56 y mantienen su tradici\u00f3n de confiar en los jugadores europeos.<\/p>\n<p>Zubcic llega para ser compa\u00f1ero del base espa\u00f1ol Jos\u00e9 Manuel Calder\u00f3n y el p\u00edvot italiano Andrea Bargnani.<\/p>\n<p>El \u00faltimo jugador europeo que sali\u00f3 elegido en la segunda ronda del sorteo universitario fue el escolta-alero turco Ilkan Karaman, de 22 a\u00f1os, que llega del Karsiyaka (Turqu\u00eda), y lo seleccionaron los Nets, equipo que consigui\u00f3 el mayor n\u00famero de jugadores extranjeros al quedarse con dos.<\/p>\n<p>El base espa\u00f1ol Josep Franch, de 21 a\u00f1os, que juega en el UCAM Murcia de la liga ACB, y que estaba inscrito en el sorteo universitario, no sali\u00f3 seleccionado.<\/p>","protected":false},"excerpt":{"rendered":"<p>El ala-p\u00edvot brasile\u00f1o Fab Melo encabez\u00f3 la lista de los nueve jugadores extranjeros que fueron seleccionados en el sorteo universitario de la NBA del 2012 y en el que el ala-p\u00edvot Anthony Davis, de la Universidad de Kentucky, sali\u00f3 elegido con el n\u00famero uno por los Hornets de Nueva Orleans. Como se esperaba el resto [&hellip;]<\/p>","protected":false},"author":0,"featured_media":487707,"comment_status":"closed","ping_status":"closed","sticky":false,"template":"","format":"standard","meta":{"_acf_changed":false,"_monsterinsights_skip_tracking":false,"ep_exclude_from_search":false,"footnotes":""},"categories":[31],"tags":[],"class_list":["post-145768","post","type-post","status-publish","format-standard","has-post-thumbnail","hentry","category-deportes"],"acf":[],"aioseo_notices":[],"_links":{"self":[{"href":"https:\/\/noticel.com\/en\/wp-json\/wp\/v2\/posts\/145768","targetHints":{"allow":["GET"]}}],"collection":[{"href":"https:\/\/noticel.com\/en\/wp-json\/wp\/v2\/posts"}],"about":[{"href":"https:\/\/noticel.com\/en\/wp-json\/wp\/v2\/types\/post"}],"replies":[{"embeddable":true,"href":"https:\/\/noticel.com\/en\/wp-json\/wp\/v2\/comments?post=145768"}],"version-history":[{"count":1,"href":"https:\/\/noticel.com\/en\/wp-json\/wp\/v2\/posts\/145768\/revisions"}],"predecessor-version":[{"id":487709,"href":"https:\/\/noticel.com\/en\/wp-json\/wp\/v2\/posts\/145768\/revisions\/487709"}],"wp:featuredmedia":[{"embeddable":true,"href":"https:\/\/noticel.com\/en\/wp-json\/wp\/v2\/media\/487707"}],"wp:attachment":[{"href":"https:\/\/noticel.com\/en\/wp-json\/wp\/v2\/media?parent=145768"}],"wp:term":[{"taxonomy":"category","embeddable":true,"href":"https:\/\/noticel.com\/en\/wp-json\/wp\/v2\/categories?post=145768"},{"taxonomy":"post_tag","embeddable":true,"href":"https:\/\/noticel.com\/en\/wp-json\/wp\/v2\/tags?post=145768"}],"curies":[{"name":"wp","href":"https:\/\/api.w.org\/{rel}","templated":true}]}}