{"id":145101,"date":"2012-12-08T00:13:29","date_gmt":"2012-12-08T04:13:29","guid":{"rendered":"https:\/\/www.noticel.com\/ahora\/20121208\/transicion-estancado-centro-comprensivo-de-cancer\/"},"modified":"2025-07-17T02:02:06","modified_gmt":"2025-07-17T02:02:06","slug":"transicion-estancado-centro-comprensivo-de-cancer","status":"publish","type":"post","link":"https:\/\/noticel.com\/en\/ultima-hora\/20121208\/transicion-estancado-centro-comprensivo-de-cancer\/","title":{"rendered":"Transici\u00f3n: Estancado Centro Comprensivo de C\u00e1ncer"},"content":{"rendered":"<p>La copresidenta del Comite de Transici\u00f3n, Ingrid Vila manifest\u00f3 el viernes que la participaci\u00f3n del director del Centro Comprensivo de C\u00e1ncer de la Universidad de Puerto Rico, Reynold L\u00f3pez Enriquez, durante las vistas de transici\u00f3n revel\u00f3 que esta iniciativa ha estado estancada en esta administraci\u00f3n.<\/p>\n<p>&#8216;El propio director del Centro indic\u00f3 estar &#8216;frustrado&#8217; por la incapacidad de esta administraci\u00f3n de continuar los esfuerzos iniciados antes de este cuatrienio.&#8217;<\/p>\n<p>Durante la administraci\u00f3n de An\u00edbal Acevedo Vil\u00e1, la Universidad de Puerto Rico entr\u00f3 en un acuerdo con la prestigiosa instituci\u00f3n de investigaci\u00f3n m\u00e9dica, MD Anderson de Texas, para el desarrollo de un Centro Comprensivo de C\u00e1ncer en Puerto Rico.<\/p>\n<p>&#8216;El propio director indic\u00f3 se debi\u00f3 a falta de atenci\u00f3n por parte de la administraci\u00f3n. M\u00e1s a\u00fan, el proyecto ahora refleja un incremento de 29 millones de d\u00f3lares en el costo de construcci\u00f3n debido a la dilaci\u00f3n que ha sufrido. Nosotros rescataremos este proyecto por su potencial para impulsar a Puerto Rico en la econom\u00eda de la salud e innovaci\u00f3n&#8217;, indic\u00f3 Vila<\/p><div class=\"notic-content-middle\" id=\"notic-263140803\"><div class=\"notic-adlabel\">Advertisements<\/div><a data-no-instant=\"1\" href=\"https:\/\/www.asegurate-bien.com\/\" rel=\"noopener\" class=\"a2t-link\" target=\"_blank\" aria-label=\"Acodese-Adaptaciones-Noticel-300&#215;600\"><img loading=\"lazy\" decoding=\"async\" src=\"https:\/\/cdn.noticel.com\/2026\/05\/30094652\/Acodese-Adaptaciones-Noticel-300x600-1.jpg\" alt=\"\"  srcset=\"https:\/\/cdn.noticel.com\/2026\/05\/30094652\/Acodese-Adaptaciones-Noticel-300x600-1.jpg 300w, https:\/\/cdn.noticel.com\/2026\/05\/30094652\/Acodese-Adaptaciones-Noticel-300x600-1-150x300.jpg 150w, https:\/\/cdn.noticel.com\/2026\/05\/30094652\/Acodese-Adaptaciones-Noticel-300x600-1-6x12.jpg 6w\" sizes=\"(max-width: 300px) 100vw, 300px\" width=\"300\" height=\"600\"   \/><\/a><\/div>\n<p>En cuanto a la Administraci\u00f3n de Servicios M\u00e9dicos (ASEM), la ingeniera destac\u00f3 que sorprende que el informe de transici\u00f3n entregado por la administraci\u00f3n saliente no ten\u00eda informaci\u00f3n sobre los servicios de salud que se prestan en el Centro M\u00e9dico.<\/p>\n<p>&#8216;Fue un informe puramente financiero, sin ninguna consideraci\u00f3n a la calidad de los servicios que se prestan al paciente. M\u00e1s a\u00fan ASEM refleja un monto de sobre 50 millones de d\u00f3lares en cuentas por cobrar, un sistema pobre de facturaci\u00f3n y la carencia de un plan a largo plazo para resolver sus problemas,&#8217; sentenci\u00f3 Vila.<\/p>\n<p>Por otro lado, la tambi\u00e9n secretaria de la Gobernaci\u00f3n se\u00f1al\u00f3 el descontrol fiscal en la Administraci\u00f3n de Compensaciones por Accidentes de Autom\u00f3viles (ACAA) ya que en el 2008 la agencia present\u00f3 un saldo positivo de 15 millones de d\u00f3lares, y actualmente se refleja un saldo negativo de 37 millones de d\u00f3lares.<\/p>","protected":false},"excerpt":{"rendered":"<p>La copresidenta del Comite de Transici\u00f3n, Ingrid Vila manifest\u00f3 el viernes que la participaci\u00f3n del director del Centro Comprensivo de C\u00e1ncer de la Universidad de Puerto Rico, Reynold L\u00f3pez Enriquez, durante las vistas de transici\u00f3n revel\u00f3 que esta iniciativa ha estado estancada en esta administraci\u00f3n. &#8216;El propio director del Centro indic\u00f3 estar &#8216;frustrado&#8217; por la [&hellip;]<\/p>","protected":false},"author":0,"featured_media":490134,"comment_status":"closed","ping_status":"closed","sticky":false,"template":"","format":"standard","meta":{"_acf_changed":false,"_monsterinsights_skip_tracking":false,"ep_exclude_from_search":false,"footnotes":""},"categories":[2],"tags":[],"class_list":["post-145101","post","type-post","status-publish","format-standard","has-post-thumbnail","hentry","category-ultima-hora"],"acf":[],"aioseo_notices":[],"_links":{"self":[{"href":"https:\/\/noticel.com\/en\/wp-json\/wp\/v2\/posts\/145101","targetHints":{"allow":["GET"]}}],"collection":[{"href":"https:\/\/noticel.com\/en\/wp-json\/wp\/v2\/posts"}],"about":[{"href":"https:\/\/noticel.com\/en\/wp-json\/wp\/v2\/types\/post"}],"replies":[{"embeddable":true,"href":"https:\/\/noticel.com\/en\/wp-json\/wp\/v2\/comments?post=145101"}],"version-history":[{"count":1,"href":"https:\/\/noticel.com\/en\/wp-json\/wp\/v2\/posts\/145101\/revisions"}],"predecessor-version":[{"id":490135,"href":"https:\/\/noticel.com\/en\/wp-json\/wp\/v2\/posts\/145101\/revisions\/490135"}],"wp:featuredmedia":[{"embeddable":true,"href":"https:\/\/noticel.com\/en\/wp-json\/wp\/v2\/media\/490134"}],"wp:attachment":[{"href":"https:\/\/noticel.com\/en\/wp-json\/wp\/v2\/media?parent=145101"}],"wp:term":[{"taxonomy":"category","embeddable":true,"href":"https:\/\/noticel.com\/en\/wp-json\/wp\/v2\/categories?post=145101"},{"taxonomy":"post_tag","embeddable":true,"href":"https:\/\/noticel.com\/en\/wp-json\/wp\/v2\/tags?post=145101"}],"curies":[{"name":"wp","href":"https:\/\/api.w.org\/{rel}","templated":true}]}}