{"id":144942,"date":"2013-01-22T18:33:07","date_gmt":"2013-01-22T22:33:07","guid":{"rendered":"https:\/\/www.noticel.com\/la-calle\/20130122\/roban-computadoras-en-municipio-de-arecibo\/"},"modified":"2025-07-17T02:16:10","modified_gmt":"2025-07-17T02:16:10","slug":"roban-computadoras-en-municipio-de-arecibo","status":"publish","type":"post","link":"https:\/\/noticel.com\/en\/noticias\/la-calle\/20130122\/roban-computadoras-en-municipio-de-arecibo\/","title":{"rendered":"Roban computadoras en Municipio de Arecibo"},"content":{"rendered":"<p>En la ma\u00f1ana del martes se report\u00f3 un robo en la Oficina Compras y Suministros del Municipio de Arecibo. De manera estrategica, los ladrones rompieron una puerta y posteriormente una pared para tener acceso al \u00e1rea norte del edificio, donde se encontraban dos computadoras que se apropiaron ilegalmente.<\/p>\n<p>Se confirm\u00f3 que las computadoras robadas contenian informaci\u00f3n privilegiada con datos administrativos y financieros de la pasada Administraci\u00f3n Municipal, las cuales estaban en proceso de ser revisadas.<\/p>\n<p>&#8216;Es muy lamentable esta situaci\u00f3n y la forma tan exacta en que se llev\u00f3 a cabo este robo. Nuestro Municipio se encuentra en una situaci\u00f3n cr\u00edtica tras las negligencias de la pasada administraci\u00f3n, y no descansaremos hasta tener un panorama claro de las fallas que llevaron a Arecibo a la situaci\u00f3n tan cr\u00edtica en que est\u00e1&#8217;, expres\u00f3 Waldo D\u00edaz, Director de Prensa del Municipio.<\/p>","protected":false},"excerpt":{"rendered":"<p>En la ma\u00f1ana del martes se report\u00f3 un robo en la Oficina Compras y Suministros del Municipio de Arecibo. De manera estrategica, los ladrones rompieron una puerta y posteriormente una pared para tener acceso al \u00e1rea norte del edificio, donde se encontraban dos computadoras que se apropiaron ilegalmente. Se confirm\u00f3 que las computadoras robadas contenian [&hellip;]<\/p>","protected":false},"author":0,"featured_media":490942,"comment_status":"closed","ping_status":"closed","sticky":false,"template":"","format":"standard","meta":{"_acf_changed":false,"_monsterinsights_skip_tracking":false,"ep_exclude_from_search":false,"footnotes":""},"categories":[12],"tags":[],"class_list":["post-144942","post","type-post","status-publish","format-standard","has-post-thumbnail","hentry","category-la-calle"],"acf":[],"aioseo_notices":[],"_links":{"self":[{"href":"https:\/\/noticel.com\/en\/wp-json\/wp\/v2\/posts\/144942","targetHints":{"allow":["GET"]}}],"collection":[{"href":"https:\/\/noticel.com\/en\/wp-json\/wp\/v2\/posts"}],"about":[{"href":"https:\/\/noticel.com\/en\/wp-json\/wp\/v2\/types\/post"}],"replies":[{"embeddable":true,"href":"https:\/\/noticel.com\/en\/wp-json\/wp\/v2\/comments?post=144942"}],"version-history":[{"count":1,"href":"https:\/\/noticel.com\/en\/wp-json\/wp\/v2\/posts\/144942\/revisions"}],"predecessor-version":[{"id":490944,"href":"https:\/\/noticel.com\/en\/wp-json\/wp\/v2\/posts\/144942\/revisions\/490944"}],"wp:featuredmedia":[{"embeddable":true,"href":"https:\/\/noticel.com\/en\/wp-json\/wp\/v2\/media\/490942"}],"wp:attachment":[{"href":"https:\/\/noticel.com\/en\/wp-json\/wp\/v2\/media?parent=144942"}],"wp:term":[{"taxonomy":"category","embeddable":true,"href":"https:\/\/noticel.com\/en\/wp-json\/wp\/v2\/categories?post=144942"},{"taxonomy":"post_tag","embeddable":true,"href":"https:\/\/noticel.com\/en\/wp-json\/wp\/v2\/tags?post=144942"}],"curies":[{"name":"wp","href":"https:\/\/api.w.org\/{rel}","templated":true}]}}