{"id":14439,"date":"2018-06-28T00:00:00","date_gmt":"2018-06-28T04:00:00","guid":{"rendered":"http:\/\/www.noticel.com\/ahora\/el-tiempo\/gobierno\/huracanes\/top-stories\/20180628\/justicia-investiga-a-exadministrador-de-servicios-generales\/"},"modified":"2025-07-17T00:41:29","modified_gmt":"2025-07-17T00:41:29","slug":"justicia-investiga-a-exadministrador-de-servicios-generales","status":"publish","type":"post","link":"https:\/\/noticel.com\/en\/ultima-hora\/20180628\/justicia-investiga-a-exadministrador-de-servicios-generales\/","title":{"rendered":"Justicia investiga a exadministrador de Servicios Generales"},"content":{"rendered":"<p><i>Por compras relacionadas a la emergencia de Mar\u00eda<\/i><\/p>\n<p>El Departamento de Justicia notific\u00f3 a la Oficina del Panel sobre el Fiscal Especial Independiente (OPFEI) el inicio de una investigaci\u00f3n contra el exadministrador de la Administraci\u00f3n de Servicios Generales (ASG), Miguel A. Encarnaci\u00f3n Correa, por posible comisi\u00f3n de delito en compras hechas durante la emergencia del hurac\u00e1n Mar\u00eda.<\/p>\n<p>La pesquisa comenz\u00f3 con denuncias de empleados quienes alegaron que se hicieron gestiones para comprar generadores electricos para empleados de ASG tras el paso del hurac\u00e1n Mar\u00eda, y supuestamente se instruy\u00f3 que los pagos se hicieran a nombre del entonces administrador. La Divisi\u00f3n de Integridad P\u00fablica y Oficina de Asuntos del Contralor evaluar\u00e1 alegaciones de posible conducta impropia, antietica e ilegal contra Encarnaci\u00f3n Correa.<\/p>\n<p>&#8216;Se proceder\u00e1 a investigar este caso como posible conducta fraudulenta tras el paso de los huracanes Irma y Mar\u00eda. La Ley 2 del 23 de febrero de 1988 que crea la OPFEI dispone que en los casos de funcionarios como jefes de agencia, compete al Departamento de Justicia realizar una investigaci\u00f3n preliminar, como se har\u00e1 en este caso. El Departamento tiene 90 d\u00edas para realizar la investigaci\u00f3n y determinar si emite un referido a la OPFEI con una recomendaci\u00f3n de que se designe o no un Fiscal Especial Independiente (FEI) para una investigaci\u00f3n a fondo&#8217;, destac\u00f3 la secretaria del Departamento de Justicia (DJ), Wanda V\u00e1zquez Garced.<\/p>\n<p>Por su parte, el gobernador Ricardo Rossell\u00f3 Nevares, record\u00f3 en comunicado de prensa que &#8216;Tan pronto advine en conocimiento de se\u00f1alamientos contra el se\u00f1or Miguel Encarnaci\u00f3n, ex administrador de Servicios Generales (ASG), solicite a la secretaria del Departamento de Justicia que hiciera una investigaci\u00f3n completa y hoy se anuncia el inicio de una investigaci\u00f3n bajo la Ley de la Oficina del Panel del Fiscal Especial Independiente. Estamos complacidos con el trabajo del Departamento de Justicia y reafirmamos que cualquier funcionario que le falle al Pueblo ser\u00e1 encausado y le aplicaremos todo el peso de la ley&#8217;.<\/p><div class=\"notic-content-middle\" id=\"notic-1545275193\"><div class=\"notic-adlabel\">Advertisements<\/div><a data-no-instant=\"1\" href=\"https:\/\/www.asegurate-bien.com\/\" rel=\"noopener\" class=\"a2t-link\" target=\"_blank\" aria-label=\"Acodese-Adaptaciones-Noticel-300&#215;600\"><img loading=\"lazy\" decoding=\"async\" src=\"https:\/\/cdn.noticel.com\/2026\/05\/30094652\/Acodese-Adaptaciones-Noticel-300x600-1.jpg\" alt=\"\"  srcset=\"https:\/\/cdn.noticel.com\/2026\/05\/30094652\/Acodese-Adaptaciones-Noticel-300x600-1.jpg 300w, https:\/\/cdn.noticel.com\/2026\/05\/30094652\/Acodese-Adaptaciones-Noticel-300x600-1-150x300.jpg 150w, https:\/\/cdn.noticel.com\/2026\/05\/30094652\/Acodese-Adaptaciones-Noticel-300x600-1-6x12.jpg 6w\" sizes=\"(max-width: 300px) 100vw, 300px\" width=\"300\" height=\"600\"   \/><\/a><\/div>\n<p><a href=\"https:\/\/noticel.com\/en\/ahora\/renuncia-director-de-administracin-de-servicios-generales\/706548180\/\" target=\"_blank\">El pasado 23 de febrero<\/a>, el entonces secretario de la Gobernaci\u00f3n, William Villafa\u00f1e, inform\u00f3 la dimisi\u00f3n de Encarnaci\u00f3n Correa &#8216;por razones personales&#8217;.<\/p>\n<p>Tambien se denunci\u00f3 que el exadminsitrador fue quien autoriz\u00f3 mediante dispensa al expresidente de la Comisi\u00f3n Estatal de Elecciones (CEE), Rafael Ramos S\u00e1enz, a utilizar su veh\u00edculo para viajar desde su residencia en Aguadilla a su nuevo empleo.<\/p>\n<p>Encarnaci\u00f3n fue confirmado como administrador de la ASG en junio de 2017. En octubre pasado, a solo semanas del cicl\u00f3n y mientras los ciudadanos hac\u00edan largas filas para comprar gasolina en las pocas estaciones que se encontraban operando, trascendi\u00f3 que autoriz\u00f3 a legisladores a echar gasolina en sus veh\u00edculos en una de las cinco estaciones de Servicios Generales. Seg\u00fan el secretario de Asuntos P\u00fablicos, Ram\u00f3n Rosario, se acord\u00f3 con los legisladores para abastecer sus veh\u00edculos y pagar la factura en ese entonces minimizando el asunto al asegurar que hubo acuerdos similares con empresas privadas, asilos, hospitales y tambien con la Administraci\u00f3n de Tribunales.<\/p>\n<p>Aunque NotiCel solicit\u00f3 a la ASG en aquel momento el listado de todos las personas que compraron combustible del gobierno durante la emergencia, nunca se contest\u00f3 la petici\u00f3n por lo que no se ha hecho p\u00fablico quienes se beneficiaron y si en efecto, pagaron sus facturas.<\/p>","protected":false},"excerpt":{"rendered":"<p>Por compras relacionadas a la emergencia de Mar\u00eda El Departamento de Justicia notific\u00f3 a la Oficina del Panel sobre el Fiscal Especial Independiente (OPFEI) el inicio de una investigaci\u00f3n contra el exadministrador de la Administraci\u00f3n de Servicios Generales (ASG), Miguel A. Encarnaci\u00f3n Correa, por posible comisi\u00f3n de delito en compras hechas durante la emergencia del [&hellip;]<\/p>","protected":false},"author":0,"featured_media":485095,"comment_status":"closed","ping_status":"closed","sticky":false,"template":"","format":"standard","meta":{"_acf_changed":false,"_monsterinsights_skip_tracking":false,"ep_exclude_from_search":false,"footnotes":""},"categories":[18,4,19,2],"tags":[],"class_list":["post-14439","post","type-post","status-publish","format-standard","has-post-thumbnail","hentry","category-el-tiempo","category-gobierno","category-huracanes","category-ultima-hora"],"acf":[],"aioseo_notices":[],"_links":{"self":[{"href":"https:\/\/noticel.com\/en\/wp-json\/wp\/v2\/posts\/14439","targetHints":{"allow":["GET"]}}],"collection":[{"href":"https:\/\/noticel.com\/en\/wp-json\/wp\/v2\/posts"}],"about":[{"href":"https:\/\/noticel.com\/en\/wp-json\/wp\/v2\/types\/post"}],"replies":[{"embeddable":true,"href":"https:\/\/noticel.com\/en\/wp-json\/wp\/v2\/comments?post=14439"}],"version-history":[{"count":1,"href":"https:\/\/noticel.com\/en\/wp-json\/wp\/v2\/posts\/14439\/revisions"}],"predecessor-version":[{"id":485096,"href":"https:\/\/noticel.com\/en\/wp-json\/wp\/v2\/posts\/14439\/revisions\/485096"}],"wp:featuredmedia":[{"embeddable":true,"href":"https:\/\/noticel.com\/en\/wp-json\/wp\/v2\/media\/485095"}],"wp:attachment":[{"href":"https:\/\/noticel.com\/en\/wp-json\/wp\/v2\/media?parent=14439"}],"wp:term":[{"taxonomy":"category","embeddable":true,"href":"https:\/\/noticel.com\/en\/wp-json\/wp\/v2\/categories?post=14439"},{"taxonomy":"post_tag","embeddable":true,"href":"https:\/\/noticel.com\/en\/wp-json\/wp\/v2\/tags?post=14439"}],"curies":[{"name":"wp","href":"https:\/\/api.w.org\/{rel}","templated":true}]}}