{"id":14407,"date":"2013-12-17T00:00:00","date_gmt":"2013-12-17T04:00:00","guid":{"rendered":"http:\/\/www.noticel.com\/deportes\/20131217\/zona-drd-beneficiara-a-personas-con-necesidades-especiales-de-desarrollo\/"},"modified":"2025-07-17T00:47:56","modified_gmt":"2025-07-17T00:47:56","slug":"zona-drd-beneficiara-a-personas-con-necesidades-especiales-de-desarrollo","status":"publish","type":"post","link":"https:\/\/noticel.com\/en\/deportes\/20131217\/zona-drd-beneficiara-a-personas-con-necesidades-especiales-de-desarrollo\/","title":{"rendered":"Zona DRD beneficiar\u00e1 a personas con necesidades especiales de desarrollo"},"content":{"rendered":"<p>Varias agencias gubernamentales, organizaciones e institutos se aliaron para crear el proyecto Zona de Deportes, Recreaci\u00f3n y Desarrollo (DRD) para que las personas discapacitadas y con necesidades especiales desarrollen destrezas motoras y habilidades sociales recre\u00e1ndose.<\/p>\n<p>El secretario del Departamento de Recreaci\u00f3n y Deportes (DRD), Ram\u00f3n Orta explic\u00f3 que el proyecto, &#8216;se apoyar\u00e1 a las comunidades beneficiadas con adiestramientos a entrenadores, asistentes y voluntarios. Se ofrecer\u00e1n actividades deportivas y recreativas tales como atletismo, baloncesto, karate, voleibol, f\u00fatbol, nataci\u00f3n, juegos recreativos, actividades r\u00edtmicas (bailes), drama y arte.&#8217;<\/p>\n<p>Este Programa se ofrecer\u00e1 en dos sesiones de actividades sabatinas, en cinco Centros Adaptados del DRD a trav\u00e9s de Puerto Rico. Incluir\u00e1 los servicios de un gimnasio con maquinaria adaptada y personal especializado, acuaer\u00f3bicos, clases de nataci\u00f3n, voleibol, b\u00e9isbol, tenis de campo y baloncesto en el Centro Recreodeportivo Adaptado de Arecibo.<\/p>\n<p>Asimismo, se adiestrar\u00e1 a asistentes y voluntarios en todas las regiones participantes, se crear\u00e1 un calendario anual de actividades y una red de vountarios.<\/p><div class=\"notic-content-middle\" id=\"notic-3494965811\"><div class=\"notic-adlabel\">Advertisements<\/div><a data-no-instant=\"1\" href=\"https:\/\/qrco.de\/bgxd5v\" rel=\"noopener\" class=\"a2t-link\" target=\"_blank\" aria-label=\"300X600-SEBUSCA2\"><img loading=\"lazy\" decoding=\"async\" src=\"https:\/\/cdn.noticel.com\/2026\/09\/02194415\/300X600-SEBUSCA2.jpg\" alt=\"\"  srcset=\"https:\/\/cdn.noticel.com\/2026\/09\/02194415\/300X600-SEBUSCA2.jpg 300w, https:\/\/cdn.noticel.com\/2026\/09\/02194415\/300X600-SEBUSCA2-150x300.jpg 150w, https:\/\/cdn.noticel.com\/2026\/09\/02194415\/300X600-SEBUSCA2-6x12.jpg 6w\" sizes=\"(max-width: 300px) 100vw, 300px\" width=\"300\" height=\"600\"   \/><\/a><\/div>\n<p>Zona DRD busca desarrollar las destrezas motoras de los participantes, mejorar, promover y fomentar las habilidades sociales, la integraci\u00f3n y la inclusi\u00f3n en actividades grupales; estimular el buen uso del tiempo libre, y mejorar la calidad de vida mediante h\u00e1bitos de conducta y estilos de vida m\u00e1s saludables.<\/p>\n<p>Adem\u00e1s del DRD, se involucraron el Departamento de Educaci\u00f3n (DE), Departamento de la Familia (DF), Departamento de Correcci\u00f3n y Rehabilitaci\u00f3n (DCR), y el Departamento de Vivienda (DV).<\/p>\n<p>Entretanto, las organizaciones sin fines de lucro aliadas incluyen a la Asociaci\u00f3n Mayag\u00fcezana de Personas con Impedimentos, los centros Ayuda y Terapia al Ni\u00f1o con Impedimento (AYANI), ESPIBI, Nuevos Horizontes, los institutos CODERI, FILIUS, y Pedag\u00f3gico de P.R.; Pre- Vocacional e Industrial de P.R.; el Colegio San Gabriel, el Comit\u00e9 Paral\u00edmpico de P.R.; las fundaciones Surfing de P.R.; Golitos, y de S\u00edndrome Down; la Federaci\u00f3n de Deportes Adaptados; el Movimiento Alcance Vida Independiente (MAVI); Peque\u00f1as Ligas de P.R.; SER de Puerto Rico y Special Olympics.<\/p>","protected":false},"excerpt":{"rendered":"<p>Varias agencias gubernamentales, organizaciones e institutos se aliaron para crear el proyecto Zona de Deportes, Recreaci\u00f3n y Desarrollo (DRD) para que las personas discapacitadas y con necesidades especiales desarrollen destrezas motoras y habilidades sociales recre\u00e1ndose. El secretario del Departamento de Recreaci\u00f3n y Deportes (DRD), Ram\u00f3n Orta explic\u00f3 que el proyecto, &#8216;se apoyar\u00e1 a las comunidades [&hellip;]<\/p>","protected":false},"author":0,"featured_media":485471,"comment_status":"closed","ping_status":"closed","sticky":false,"template":"","format":"standard","meta":{"_acf_changed":false,"_monsterinsights_skip_tracking":false,"ep_exclude_from_search":false,"footnotes":""},"categories":[31],"tags":[],"class_list":["post-14407","post","type-post","status-publish","format-standard","has-post-thumbnail","hentry","category-deportes"],"acf":[],"aioseo_notices":[],"_links":{"self":[{"href":"https:\/\/noticel.com\/en\/wp-json\/wp\/v2\/posts\/14407","targetHints":{"allow":["GET"]}}],"collection":[{"href":"https:\/\/noticel.com\/en\/wp-json\/wp\/v2\/posts"}],"about":[{"href":"https:\/\/noticel.com\/en\/wp-json\/wp\/v2\/types\/post"}],"replies":[{"embeddable":true,"href":"https:\/\/noticel.com\/en\/wp-json\/wp\/v2\/comments?post=14407"}],"version-history":[{"count":1,"href":"https:\/\/noticel.com\/en\/wp-json\/wp\/v2\/posts\/14407\/revisions"}],"predecessor-version":[{"id":485472,"href":"https:\/\/noticel.com\/en\/wp-json\/wp\/v2\/posts\/14407\/revisions\/485472"}],"wp:featuredmedia":[{"embeddable":true,"href":"https:\/\/noticel.com\/en\/wp-json\/wp\/v2\/media\/485471"}],"wp:attachment":[{"href":"https:\/\/noticel.com\/en\/wp-json\/wp\/v2\/media?parent=14407"}],"wp:term":[{"taxonomy":"category","embeddable":true,"href":"https:\/\/noticel.com\/en\/wp-json\/wp\/v2\/categories?post=14407"},{"taxonomy":"post_tag","embeddable":true,"href":"https:\/\/noticel.com\/en\/wp-json\/wp\/v2\/tags?post=14407"}],"curies":[{"name":"wp","href":"https:\/\/api.w.org\/{rel}","templated":true}]}}