{"id":143696,"date":"2013-10-24T13:26:08","date_gmt":"2013-10-24T17:26:08","guid":{"rendered":"https:\/\/www.noticel.com\/ahora\/20131024\/fuera-cirilo-tirado-de-la-comision-de-asuntos-energeticos-documento\/"},"modified":"2025-08-22T09:22:20","modified_gmt":"2025-08-22T09:22:20","slug":"fuera-cirilo-tirado-de-la-comision-de-asuntos-energeticos-documento","status":"publish","type":"post","link":"https:\/\/noticel.com\/en\/ultima-hora\/20131024\/fuera-cirilo-tirado-de-la-comision-de-asuntos-energeticos-documento\/","title":{"rendered":"Fuera Cirilo Tirado de la Comisi\u00f3n de Asuntos Energ\u00e9ticos (documento)"},"content":{"rendered":"<p>El presidente del Senado, Eduardo Bhatia, present\u00f3 esta tarde una resoluci\u00f3n en la que divide la Comisi\u00f3n de Recursos Naturales, Asuntos Energeticos y Ambientales, alejando as\u00ed al presidente de dicho organismo, el senador Cirilo Tirado, del tema energetico.<\/p>\n<p>La resoluci\u00f3n, que tambi\u00e9n fue presentada por el senador An\u00edbal Jos\u00e9 Torres, propone una Comisi\u00f3n de Asuntos Energ\u00e9ticos y Recursos de Agua, mientras que la comisi\u00f3n original s\u00f3lo se quedar\u00e1 con Recursos Naturales y Ambientales.<\/p>\n<p>La resoluci\u00f3n no deja claro si la presidencia de \u00e9sta \u00faltima quedar\u00e1 en manos de Tirado.<\/p>\n<p>Bajo las responsabilidades de la nueva Comisi\u00f3n, adem\u00e1s de atender los asuntos de energ\u00eda y agua, se fiscalizar\u00e1 el funcionamiento y operaci\u00f3n de la Autoridad de Energ\u00eda El\u00e9ctrica (AEE) y la Autoridad de Acueductos y Alcantarillados (AAA).<\/p>\n<p>Esta Comisi\u00f3n ser\u00e1 responsable tambi\u00e9n, seg\u00fan la resoluci\u00f3n, de evaluar y recomendar al Cuerpo la confirmaci\u00f3n o rechazo de los siguientes funcionarios: Miembros de la Junta Examinadora de Operadores de Plantas de Tratamiento de Aguas Potables y Aguas Usadas; Miembros de la Junta de Gobierno de la Autoridad de Acueductos y Alcantarillados y a los miembros de la Junta de Gobierno de la Autoridad de Energ\u00eda El\u00e9ctrica<\/p>\n<p>Seg\u00fan fuentes de NotiCel, la decisi\u00f3n se tom\u00f3 luego de que saliera a relucir que el hermano de Tirado es el tercero en mando en la AEE y trabaja en el \u00e1rea de finanzas.<\/p>\n<p>Se espera que el senador emita unas expresiones en su oficina legislativa en el Capitolio a eso de las 3:30 p.m., inform\u00f3 a NotiCel un oficial de prensa de Tirado.<\/p><div class=\"notic-content-middle\" id=\"notic-2839655618\"><div class=\"notic-adlabel\">Advertisements<\/div><a data-no-instant=\"1\" href=\"https:\/\/qrco.de\/bgxd5v\" rel=\"noopener\" class=\"a2t-link\" target=\"_blank\" aria-label=\"DisplayAd-970&#215;902\"><img loading=\"lazy\" decoding=\"async\" src=\"https:\/\/cdn.noticel.com\/2026\/09\/02200210\/DisplayAd-970x902-1.jpg\" alt=\"\"  srcset=\"https:\/\/cdn.noticel.com\/2026\/09\/02200210\/DisplayAd-970x902-1.jpg 970w, https:\/\/cdn.noticel.com\/2026\/09\/02200210\/DisplayAd-970x902-1-300x28.jpg 300w, https:\/\/cdn.noticel.com\/2026\/09\/02200210\/DisplayAd-970x902-1-768x71.jpg 768w, https:\/\/cdn.noticel.com\/2026\/09\/02200210\/DisplayAd-970x902-1-18x2.jpg 18w\" sizes=\"(max-width: 970px) 100vw, 970px\" width=\"970\" height=\"90\"   \/><\/a><\/div>\n<p>Por su parte, el presidente de la Uni\u00f3n de Trabajadores de la Industria El\u00e9ctrica y Riego (UTIER), \u00c1ngel Figueroa Jaramillo, repudi\u00f3 la acci\u00f3n del presidente del Senado, Eduardo Bhatia, quien removi\u00f3 de la presidencia de al senador Cirilo Tirado Delgado.<\/p>\n<p>&#8216;Quien demag\u00f3gicamente le ped\u00eda al pueblo que hablara, hoy pretende silenciar la voz de su propio compa\u00f1ero de partido por el simple hecho de \u00e9ste tener la valent\u00eda y la honradez intelectual de diferir de la posici\u00f3n mercantilista del presidente del Senado y atreverse a sumar su voz a la mayor\u00eda sensata de este pueblo que aspira a conservar la Autoridad de Energ\u00eda El\u00e9ctrica como una corporaci\u00f3n p\u00fablica al servicio del Pa\u00eds&#8217;, indic\u00f3 a trav\u00e9s de un comunicado de prensa.<\/p>\n<p>&#8216;Le recordamos al legislador, que no ha presentado una sola idea para enfrentar los retos que hoy tiene ante si la Autoridad de Energ\u00eda El\u00e9ctrica, que \u00e9l fue electo para servir los mejores intereses de nuestro pueblo y no los de determinado grupo de empresarios&#8217;, expres\u00f3 el l\u00edder de la UTIER.<\/p>\n<p>Igualmente, Juan Rosario, quien est\u00e1 en la Junta de Gobierno de la AEE critic\u00f3 esta tarde la movida durante una entrevista en WKAQ:<\/p>\n<p><strong>Vea tambi\u00e9n<\/strong><\/p>\n<p><a href=\"http:\/\/noticel.com\/en\/noticia\/150334\/tirado-queria-aclararle-a-usted-sr-presidente-que-no-me-va-a-intimidar.html\/\">Tirado: &#8216;Quer\u00eda aclararle a usted, Sr. Presidente, que no me va a intimidar&#8217;<\/a><\/p>\n<p><a href=\"https:\/\/media.noticel.com\/o2com-noti-media-us-east-1\/document_dev\/2017\/08\/22\/Resolucion_enmienda_comisiones_8087311_ver1.0.pdf\" target=\"_blank\"> Resoluci\u00f3n enmienda comisiones_4396<\/a><\/p>","protected":false},"excerpt":{"rendered":"<p>El presidente del Senado, Eduardo Bhatia, present\u00f3 esta tarde una resoluci\u00f3n en la que divide la Comisi\u00f3n de Recursos Naturales, Asuntos Energeticos y Ambientales, alejando as\u00ed al presidente de dicho organismo, el senador Cirilo Tirado, del tema energetico. La resoluci\u00f3n, que tambi\u00e9n fue presentada por el senador An\u00edbal Jos\u00e9 Torres, propone una Comisi\u00f3n de Asuntos [&hellip;]<\/p>","protected":false},"author":0,"featured_media":889228,"comment_status":"closed","ping_status":"closed","sticky":false,"template":"","format":"standard","meta":{"_acf_changed":false,"_monsterinsights_skip_tracking":false,"ep_exclude_from_search":false,"footnotes":""},"categories":[2],"tags":[],"class_list":["post-143696","post","type-post","status-publish","format-standard","has-post-thumbnail","hentry","category-ultima-hora"],"acf":[],"aioseo_notices":[],"_links":{"self":[{"href":"https:\/\/noticel.com\/en\/wp-json\/wp\/v2\/posts\/143696","targetHints":{"allow":["GET"]}}],"collection":[{"href":"https:\/\/noticel.com\/en\/wp-json\/wp\/v2\/posts"}],"about":[{"href":"https:\/\/noticel.com\/en\/wp-json\/wp\/v2\/types\/post"}],"replies":[{"embeddable":true,"href":"https:\/\/noticel.com\/en\/wp-json\/wp\/v2\/comments?post=143696"}],"version-history":[{"count":1,"href":"https:\/\/noticel.com\/en\/wp-json\/wp\/v2\/posts\/143696\/revisions"}],"predecessor-version":[{"id":889248,"href":"https:\/\/noticel.com\/en\/wp-json\/wp\/v2\/posts\/143696\/revisions\/889248"}],"wp:featuredmedia":[{"embeddable":true,"href":"https:\/\/noticel.com\/en\/wp-json\/wp\/v2\/media\/889228"}],"wp:attachment":[{"href":"https:\/\/noticel.com\/en\/wp-json\/wp\/v2\/media?parent=143696"}],"wp:term":[{"taxonomy":"category","embeddable":true,"href":"https:\/\/noticel.com\/en\/wp-json\/wp\/v2\/categories?post=143696"},{"taxonomy":"post_tag","embeddable":true,"href":"https:\/\/noticel.com\/en\/wp-json\/wp\/v2\/tags?post=143696"}],"curies":[{"name":"wp","href":"https:\/\/api.w.org\/{rel}","templated":true}]}}